{"id":28921,"date":"2019-03-01T11:43:44","date_gmt":"2019-03-01T15:43:44","guid":{"rendered":"http:\/\/www.corumbaonline.com.br\/news\/?p=28921"},"modified":"2019-03-01T12:05:15","modified_gmt":"2019-03-01T16:05:15","slug":"imperatriz-corumbaense-homenageara-athayde-nery-na-passarela-do-samba","status":"publish","type":"post","link":"https:\/\/www.corumbaonline.com.br\/news\/imperatriz-corumbaense-homenageara-athayde-nery-na-passarela-do-samba\/","title":{"rendered":"Imperatriz Corumbaense homenagear\u00e1 Athayde Nery na passarela do samba"},"content":{"rendered":"\n<figure class=\"wp-block-audio\"><audio controls src=\"https:\/\/www.corumbaonline.com.br\/news\/wp-content\/uploads\/2019\/02\/Imperatriz-Corumbaense.mp3\"><\/audio><\/figure>\n\n\n<figure id=\"attachment_28923\" aria-describedby=\"caption-attachment-28923\" style=\"width: 476px\" class=\"wp-caption alignright\"><a href=\"https:\/\/www.corumbaonline.com.br\/news\/wp-content\/uploads\/2019\/03\/foto112975.jpg\"><img loading=\"lazy\" decoding=\"async\" class=\"size-full wp-image-28923\" src=\"https:\/\/www.corumbaonline.com.br\/news\/wp-content\/uploads\/2019\/03\/foto112975.jpg\" alt=\"\" width=\"476\" height=\"357\" srcset=\"https:\/\/www.corumbaonline.com.br\/news\/wp-content\/uploads\/2019\/03\/foto112975.jpg 476w, https:\/\/www.corumbaonline.com.br\/news\/wp-content\/uploads\/2019\/03\/foto112975-300x225.jpg 300w\" sizes=\"auto, (max-width: 476px) 100vw, 476px\" \/><\/a><figcaption id=\"caption-attachment-28923\" class=\"wp-caption-text\">(Foto: Corumb\u00e1 On Line)<\/figcaption><\/figure>\n<p>Em seu oitavo carnaval, a Escola de Samba Imperatriz Corumbaense cantar\u00e1 a vida do pol\u00edtico, advogado e poeta de Athayde Nery. A agremia\u00e7\u00e3o ser\u00e1 a quarta a passar pela avenida no domingo, 03 de mar\u00e7o.<\/p>\n<p>\u201c<em>Um filho com hist\u00f3ria em Corumb\u00e1 e irm\u00e3o da cultura do MS. Imperatriz canta Athayde Nery\u201d<\/em> \u00e9 o enredo defendido pela agremia\u00e7\u00e3o em 2019, sob os olhos atentos do presidente Clemilson Medina e dos carnavalescos Helen e Jonilson.<\/p>\n<p>\u201cN\u00f3s presenciamos o empenho do ex-secret\u00e1rio do estado, Athayde Nery com a cultura. Vimos ele participar e fazer a integra\u00e7\u00e3o com todas as mesas existentes no festival de cultua para melhorar os eventos da nossa cidade, e essa luta dele de lutar pelo pr\u00f3ximo ser\u00e1 reconhecida pela nossa escola, como uma homenagem\u201d.<\/p>\n<p>A Imperatriz levar\u00e1 para a passarela do samba cerca de 600 componentes, que ser\u00e3o distribu\u00eddos em 15 alas separadas por 4 carros aleg\u00f3ricos. O mestre-sala ser\u00e1 Jackson e a porta-bandeira ser\u00e1 Carla Uchoa. A escola mant\u00e9m sua rainha, Cec\u00edlia Sant\u2019Anna \u00e0 frente da bateria.<\/p>\n<p>\u201cFalaremos da vida dele como poeta e esta parte estar\u00e1 nos carros aleg\u00f3ricos e as alas vir\u00e3o contando sobre as poesias dele, sobre o amor dele pela politica e tamb\u00e9m pelo Mato Grosso do Sul. A nossa bateria vir\u00e1 fantasiada de \u00edndio, pois contaremos a luta dele neste assunto. Falaremos sobre o encantamento dele com o girassol, sobre a diversidade, sobre o amor dele pela fam\u00edlia, entre outras surpresas que todos ir\u00e3o ver na avenida\u201d, frisou Clemilson.<\/p>\n<p>\u00a0<\/p>\n<p>De acordo com o presidente, a agremia\u00e7\u00e3o que vir\u00e1 cheia de surpresas e por isso, o mist\u00e9rio sobre as fantasias, alegorias e tamb\u00e9m esculturas surpreender\u00e1 o p\u00fablico que prestigiar\u00e1 as noites de desfile. \u201cEu nunca disse isso, mas este ano direi: a nossa escola vir\u00e1 para brigar pelo t\u00edtulo. O munic\u00edpio, o Governo do Estado e a Liesco foram essenciais para que o carnaval deste ano tomasse grandes propor\u00e7\u00f5es, e por isso, todos temos obriga\u00e7\u00e3o de realizar um \u00f3timo desfile\u201d.<\/p>\n<p>No refr\u00e3o \u201cVamos cantar, Imperatriz vai passar. Salve o poeta da cultura popular, Athayde, irm\u00e3o da gente. Viemos te homenagear\u201d, a escola exalta as qualidades do homenageado que fomentou o desenvolvimento da cultura no estado, e principalmente as atividades culturais realizadas na capital do pantanal.<\/p>\n<p>\u201cContaremos uma fascina\u00e7\u00e3o de hist\u00f3ria em uma escola totalmente colorida, t\u00e9cnica e compactada pronta para ganhar a prefer\u00eancia do p\u00fablico e tamb\u00e9m dos jurados\u201d, finalizou o carnavalesco.<\/p>\n<p>\u00a0<\/p>\n<p><strong>Ficha T\u00e9cnica<\/strong><\/p>\n<p>Funda\u00e7\u00e3o da Agremia\u00e7\u00e3o: 22\/02\/ 2007<\/p>\n<p>Presidente: Clemilson Pereira Medina<\/p>\n<p>Cores: Branco, Vermelho, Amarelo e Verde<\/p>\n<p>Carnavalesco: Helen e Jonilson<\/p>\n<p>Enredo: Um Filho com Hist\u00f3ria em Corumb\u00e1 e irm\u00e3o da Cultura do MS. Imperatriz Canta Athayde Nery<\/p>\n<p>Samba-enredo: Um Filho com Hist\u00f3ria em Corumb\u00e1 e irm\u00e3o da Cultura do MS. Imperatriz Canta Athayde Nery<\/p>\n<p>Compositor: Victor Raphael e Edu Chagas<\/p>\n<p>Int\u00e9rprete: Xand\u00e3o do Cavaco<\/p>\n<p>Mestre de Bateria: Daniel<\/p>\n<p>N\u00famero de componentes: 600<\/p>\n<p>N\u00famero de alas: 15<\/p>\n<p>N\u00famero de carros aleg\u00f3ricos: 04<\/p>\n<p>Componentes da bateria: 70<\/p>\n<p>Porta-bandeira: Carla Uchoa<\/p>\n<p>Mestre-sala: Jackson<\/p>\n<p>Rainha da bateria: <strong>Cec\u00edlia<\/strong><\/p>","protected":false},"excerpt":{"rendered":"<p>Em seu oitavo carnaval, a Escola de Samba Imperatriz Corumbaense cantar\u00e1 a vida do pol\u00edtico,&#8230;<\/p>\n","protected":false},"author":1,"featured_media":28922,"comment_status":"closed","ping_status":"closed","sticky":false,"template":"","format":"standard","meta":{"footnotes":""},"categories":[112,8],"tags":[],"class_list":["post-28921","post","type-post","status-publish","format-standard","has-post-thumbnail","hentry","category-carnaval-2019","category-destaque"],"_links":{"self":[{"href":"https:\/\/www.corumbaonline.com.br\/news\/wp-json\/wp\/v2\/posts\/28921","targetHints":{"allow":["GET"]}}],"collection":[{"href":"https:\/\/www.corumbaonline.com.br\/news\/wp-json\/wp\/v2\/posts"}],"about":[{"href":"https:\/\/www.corumbaonline.com.br\/news\/wp-json\/wp\/v2\/types\/post"}],"author":[{"embeddable":true,"href":"https:\/\/www.corumbaonline.com.br\/news\/wp-json\/wp\/v2\/users\/1"}],"replies":[{"embeddable":true,"href":"https:\/\/www.corumbaonline.com.br\/news\/wp-json\/wp\/v2\/comments?post=28921"}],"version-history":[{"count":2,"href":"https:\/\/www.corumbaonline.com.br\/news\/wp-json\/wp\/v2\/posts\/28921\/revisions"}],"predecessor-version":[{"id":28928,"href":"https:\/\/www.corumbaonline.com.br\/news\/wp-json\/wp\/v2\/posts\/28921\/revisions\/28928"}],"wp:featuredmedia":[{"embeddable":true,"href":"https:\/\/www.corumbaonline.com.br\/news\/wp-json\/wp\/v2\/media\/28922"}],"wp:attachment":[{"href":"https:\/\/www.corumbaonline.com.br\/news\/wp-json\/wp\/v2\/media?parent=28921"}],"wp:term":[{"taxonomy":"category","embeddable":true,"href":"https:\/\/www.corumbaonline.com.br\/news\/wp-json\/wp\/v2\/categories?post=28921"},{"taxonomy":"post_tag","embeddable":true,"href":"https:\/\/www.corumbaonline.com.br\/news\/wp-json\/wp\/v2\/tags?post=28921"}],"curies":[{"name":"wp","href":"https:\/\/api.w.org\/{rel}","templated":true}]}}