{"id":28927,"date":"2019-03-01T12:00:13","date_gmt":"2019-03-01T16:00:13","guid":{"rendered":"http:\/\/www.corumbaonline.com.br\/news\/?p=28927"},"modified":"2019-03-01T12:48:06","modified_gmt":"2019-03-01T16:48:06","slug":"queiroz-diz-que-gerenciava-salarios-para-expandir-atuacao-parlamentar-de-flavio-bolsonaro-sem-conhecimento-do-deputado","status":"publish","type":"post","link":"https:\/\/www.corumbaonline.com.br\/news\/queiroz-diz-que-gerenciava-salarios-para-expandir-atuacao-parlamentar-de-flavio-bolsonaro-sem-conhecimento-do-deputado\/","title":{"rendered":"Queiroz diz que gerenciava sal\u00e1rios para expandir &#8216;atua\u00e7\u00e3o parlamentar&#8217; de Fl\u00e1vio Bolsonaro sem conhecimento do deputado"},"content":{"rendered":"<div class=\"mc-column content-text active-extra-styles active-capital-letter\" data-block-type=\"unstyled\" data-block-weight=\"57\" data-block-id=\"2\">\n<p class=\"content-text__container theme-color-primary-first-letter\" data-track-category=\"Link no Texto\" data-track-links=\"\">O ex-assessor de\u00a0<a href=\"https:\/\/g1.globo.com\/politica\/politico\/flavio-bolsonaro\/\">Fl\u00e1vio Bolsonaro<\/a>\u00a0(PSL) na Assembleia Legislativa do Rio de Janeiro, Fabr\u00edcio Queiroz, disse ao Minist\u00e9rio P\u00fablico que usava parte da remunera\u00e7\u00e3o dos servidores do gabinete do ent\u00e3o deputado para contratar &#8220;colaboradores informais&#8221; e, assim, expandir a sua &#8220;atua\u00e7\u00e3o parlamentar&#8221;. Fl\u00e1vio, hoje senador, e o chefe do gabinete n\u00e3o tinham conhecimento da pr\u00e1tica, segundo Queiroz.<\/p>\n<\/div>\n<div class=\"wall protected-content\">\n<div class=\"mc-column content-text active-extra-styles \" data-block-type=\"unstyled\" data-block-weight=\"49\" data-block-id=\"3\">\n<p class=\"content-text__container \" data-track-category=\"Link no Texto\" data-track-links=\"\">O ex-assessor apresentou, pela primeira vez, esclarecimentos, por escrito, ao Minist\u00e9rio P\u00fablico do Estado do Rio. A informa\u00e7\u00e3o foi divulgada pelo jornal &#8220;O Estado de S. Paulo&#8221;. No documento enviado pela defesa ao MP, a que o\u00a0<strong>G1<\/strong>\u00a0tamb\u00e9m teve acesso, Queiroz negou que tenha se apropriado dos valores.<\/p>\n<\/div>\n<div class=\"mc-column content-text active-extra-styles \" data-block-type=\"unstyled\" data-block-weight=\"29\" data-block-id=\"4\">\n<p class=\"content-text__container \" data-track-category=\"Link no Texto\" data-track-links=\"\">A assessoria de Fl\u00e1vio informou que o senador n\u00e3o vai se pronunciar. O advogado de Queiroz firmou que &#8220;todo o posicionamento foi feito na peti\u00e7\u00e3o que protocolamos no MP&#8221;.<\/p>\n<\/div>\n<div class=\"mc-column content-text active-extra-styles \" data-block-type=\"unstyled\" data-block-weight=\"47\" data-block-id=\"5\">\n<p class=\"content-text__container \" data-track-category=\"Link no Texto\" data-track-links=\"\">O Minist\u00e9rio P\u00fablico come\u00e7ou a investigar o ex-assessor quando o nome dele apareceu em um relat\u00f3rio do conselho de controle de atividades financeiras, o Coaf, sobre movimenta\u00e7\u00f5es at\u00edpicas de dinheiro. Fabr\u00edcio Queiroz movimentou R$ 1,2 milh\u00e3o em conta banc\u00e1ria entre janeiro de 2016 e janeiro de 2017.<\/p>\n<\/div>\n<div class=\"mc-column content-text active-extra-styles \" data-block-type=\"unstyled\" data-block-weight=\"45\" data-block-id=\"6\">\n<p class=\"content-text__container \" data-track-category=\"Link no Texto\" data-track-links=\"\">Na manifesta\u00e7\u00e3o ao MP, o ex-assessor disse que o valor veio de duas fontes l\u00edcitas: sal\u00e1rios de outros membros da fam\u00edlia e atividades econ\u00f4micas informais, como compra e venda de ve\u00edculos e eletr\u00f4nicos e &#8220;todo e qualquer produto que pudesse lhe garantir uma renda extra&#8221;.<\/p>\n<\/div>\n<div class=\"row medium-uncollapsed content-media content-photo\" data-block-type=\"backstage-photo\" data-block-id=\"7\">\n<div class=\"mc-column content-media__container\">\n<div class=\"progressive-img can-open-lightbox\" data-min-size=\"1008x1657\" data-min-size-url=\"https:\/\/s2.glbimg.com\/RFyuwxj3Q_c0T7GIxWjfrsaCOpU=\/0x0:1600x2631\/1008x0\/smart\/filters:strip_icc()\/i.s3.glbimg.com\/v1\/AUTH_59edd422c0c84a879bd37670ae4f538a\/internal_photos\/bs\/2019\/c\/G\/vWfuTXQ0SXCyL55QPS5Q\/movimentacao-fabricio-queiroz-v2.png\" data-max-size=\"1600x2631\" data-max-size-url=\"https:\/\/s2.glbimg.com\/VzBwFmezn2ym_EJx1oAMBoc96XU=\/0x0:1600x2631\/1600x0\/smart\/filters:strip_icc()\/i.s3.glbimg.com\/v1\/AUTH_59edd422c0c84a879bd37670ae4f538a\/internal_photos\/bs\/2019\/c\/G\/vWfuTXQ0SXCyL55QPS5Q\/movimentacao-fabricio-queiroz-v2.png\" data-media-index=\"1\"><picture><source srcset=\"https:\/\/s2.glbimg.com\/CXLrBXb1aHq_itv-COY2WqNYs8M=\/0x0:1600x2631\/600x0\/smart\/filters:strip_icc()\/i.s3.glbimg.com\/v1\/AUTH_59edd422c0c84a879bd37670ae4f538a\/internal_photos\/bs\/2019\/c\/G\/vWfuTXQ0SXCyL55QPS5Q\/movimentacao-fabricio-queiroz-v2.png 1x, https:\/\/s2.glbimg.com\/CL5yL-_rhP4wgyHHlOHdSJ6cQdY=\/0x0:1600x2631\/1200x0\/smart\/filters:strip_icc()\/i.s3.glbimg.com\/v1\/AUTH_59edd422c0c84a879bd37670ae4f538a\/internal_photos\/bs\/2019\/c\/G\/vWfuTXQ0SXCyL55QPS5Q\/movimentacao-fabricio-queiroz-v2.png 2x\" media=\"(max-width: 1024px)\" data-src=\"https:\/\/s2.glbimg.com\/CXLrBXb1aHq_itv-COY2WqNYs8M=\/0x0:1600x2631\/600x0\/smart\/filters:strip_icc()\/i.s3.glbimg.com\/v1\/AUTH_59edd422c0c84a879bd37670ae4f538a\/internal_photos\/bs\/2019\/c\/G\/vWfuTXQ0SXCyL55QPS5Q\/movimentacao-fabricio-queiroz-v2.png 1x, https:\/\/s2.glbimg.com\/CL5yL-_rhP4wgyHHlOHdSJ6cQdY=\/0x0:1600x2631\/1200x0\/smart\/filters:strip_icc()\/i.s3.glbimg.com\/v1\/AUTH_59edd422c0c84a879bd37670ae4f538a\/internal_photos\/bs\/2019\/c\/G\/vWfuTXQ0SXCyL55QPS5Q\/movimentacao-fabricio-queiroz-v2.png 2x\" \/><source srcset=\"https:\/\/s2.glbimg.com\/4AoOO-2lObhFi7k5nr9coZ3lutk=\/0x0:1600x2631\/640x0\/smart\/filters:strip_icc()\/i.s3.glbimg.com\/v1\/AUTH_59edd422c0c84a879bd37670ae4f538a\/internal_photos\/bs\/2019\/c\/G\/vWfuTXQ0SXCyL55QPS5Q\/movimentacao-fabricio-queiroz-v2.png 1x, https:\/\/s2.glbimg.com\/YPN3rCDWoMNUwDoOvQv0qVe7aGI=\/0x0:1600x2631\/1280x0\/smart\/filters:strip_icc()\/i.s3.glbimg.com\/v1\/AUTH_59edd422c0c84a879bd37670ae4f538a\/internal_photos\/bs\/2019\/c\/G\/vWfuTXQ0SXCyL55QPS5Q\/movimentacao-fabricio-queiroz-v2.png 2x\" media=\"(max-width: 1280px)\" data-src=\"https:\/\/s2.glbimg.com\/4AoOO-2lObhFi7k5nr9coZ3lutk=\/0x0:1600x2631\/640x0\/smart\/filters:strip_icc()\/i.s3.glbimg.com\/v1\/AUTH_59edd422c0c84a879bd37670ae4f538a\/internal_photos\/bs\/2019\/c\/G\/vWfuTXQ0SXCyL55QPS5Q\/movimentacao-fabricio-queiroz-v2.png 1x, https:\/\/s2.glbimg.com\/YPN3rCDWoMNUwDoOvQv0qVe7aGI=\/0x0:1600x2631\/1280x0\/smart\/filters:strip_icc()\/i.s3.glbimg.com\/v1\/AUTH_59edd422c0c84a879bd37670ae4f538a\/internal_photos\/bs\/2019\/c\/G\/vWfuTXQ0SXCyL55QPS5Q\/movimentacao-fabricio-queiroz-v2.png 2x\" \/><source srcset=\"https:\/\/s2.glbimg.com\/w8BgWalzRVwHfQt2ObsaSkN-SGY=\/0x0:1600x2631\/984x0\/smart\/filters:strip_icc()\/i.s3.glbimg.com\/v1\/AUTH_59edd422c0c84a879bd37670ae4f538a\/internal_photos\/bs\/2019\/c\/G\/vWfuTXQ0SXCyL55QPS5Q\/movimentacao-fabricio-queiroz-v2.png 1x, https:\/\/s2.glbimg.com\/MT-hunaOy2MZIVHqBV8S4Q4t4rs=\/0x0:1600x2631\/1968x0\/smart\/filters:strip_icc()\/i.s3.glbimg.com\/v1\/AUTH_59edd422c0c84a879bd37670ae4f538a\/internal_photos\/bs\/2019\/c\/G\/vWfuTXQ0SXCyL55QPS5Q\/movimentacao-fabricio-queiroz-v2.png 2x\" media=\"(max-width: 1360px)\" data-src=\"https:\/\/s2.glbimg.com\/w8BgWalzRVwHfQt2ObsaSkN-SGY=\/0x0:1600x2631\/984x0\/smart\/filters:strip_icc()\/i.s3.glbimg.com\/v1\/AUTH_59edd422c0c84a879bd37670ae4f538a\/internal_photos\/bs\/2019\/c\/G\/vWfuTXQ0SXCyL55QPS5Q\/movimentacao-fabricio-queiroz-v2.png 1x, https:\/\/s2.glbimg.com\/MT-hunaOy2MZIVHqBV8S4Q4t4rs=\/0x0:1600x2631\/1968x0\/smart\/filters:strip_icc()\/i.s3.glbimg.com\/v1\/AUTH_59edd422c0c84a879bd37670ae4f538a\/internal_photos\/bs\/2019\/c\/G\/vWfuTXQ0SXCyL55QPS5Q\/movimentacao-fabricio-queiroz-v2.png 2x\" \/><source srcset=\"https:\/\/s2.glbimg.com\/WztJYCHlxKEf7KfBPm2ugxqk-Dw=\/0x0:1600x2631\/1000x0\/smart\/filters:strip_icc()\/i.s3.glbimg.com\/v1\/AUTH_59edd422c0c84a879bd37670ae4f538a\/internal_photos\/bs\/2019\/c\/G\/vWfuTXQ0SXCyL55QPS5Q\/movimentacao-fabricio-queiroz-v2.png 1x, https:\/\/s2.glbimg.com\/JfeDxJ16GP_WVzq9bVrNSMMTI2U=\/0x0:1600x2631\/2000x0\/smart\/filters:strip_icc()\/i.s3.glbimg.com\/v1\/AUTH_59edd422c0c84a879bd37670ae4f538a\/internal_photos\/bs\/2019\/c\/G\/vWfuTXQ0SXCyL55QPS5Q\/movimentacao-fabricio-queiroz-v2.png 2x\" media=\"(min-width: 1361px)\" data-src=\"https:\/\/s2.glbimg.com\/WztJYCHlxKEf7KfBPm2ugxqk-Dw=\/0x0:1600x2631\/1000x0\/smart\/filters:strip_icc()\/i.s3.glbimg.com\/v1\/AUTH_59edd422c0c84a879bd37670ae4f538a\/internal_photos\/bs\/2019\/c\/G\/vWfuTXQ0SXCyL55QPS5Q\/movimentacao-fabricio-queiroz-v2.png 1x, https:\/\/s2.glbimg.com\/JfeDxJ16GP_WVzq9bVrNSMMTI2U=\/0x0:1600x2631\/2000x0\/smart\/filters:strip_icc()\/i.s3.glbimg.com\/v1\/AUTH_59edd422c0c84a879bd37670ae4f538a\/internal_photos\/bs\/2019\/c\/G\/vWfuTXQ0SXCyL55QPS5Q\/movimentacao-fabricio-queiroz-v2.png 2x\" \/><source srcset=\"https:\/\/s2.glbimg.com\/w8BgWalzRVwHfQt2ObsaSkN-SGY=\/0x0:1600x2631\/984x0\/smart\/filters:strip_icc()\/i.s3.glbimg.com\/v1\/AUTH_59edd422c0c84a879bd37670ae4f538a\/internal_photos\/bs\/2019\/c\/G\/vWfuTXQ0SXCyL55QPS5Q\/movimentacao-fabricio-queiroz-v2.png\" data-src=\"https:\/\/s2.glbimg.com\/w8BgWalzRVwHfQt2ObsaSkN-SGY=\/0x0:1600x2631\/984x0\/smart\/filters:strip_icc()\/i.s3.glbimg.com\/v1\/AUTH_59edd422c0c84a879bd37670ae4f538a\/internal_photos\/bs\/2019\/c\/G\/vWfuTXQ0SXCyL55QPS5Q\/movimentacao-fabricio-queiroz-v2.png\" \/><\/picture>\n<figure style=\"width: 640px\" class=\"wp-caption alignnone\"><img loading=\"lazy\" decoding=\"async\" class=\"image content-media__image progressive-loaded\" title=\"Entenda o que diz Fabr\u00edcio Queiroz sobre as movimenta\u00e7\u00f5es financeiras quando assessorava Fl\u00e1vio Bolsonaro na Alerj \u2014 Foto: Infografia: Juliane Monteiro\/G1\" src=\"https:\/\/s2.glbimg.com\/w8BgWalzRVwHfQt2ObsaSkN-SGY=\/0x0:1600x2631\/984x0\/smart\/filters:strip_icc()\/i.s3.glbimg.com\/v1\/AUTH_59edd422c0c84a879bd37670ae4f538a\/internal_photos\/bs\/2019\/c\/G\/vWfuTXQ0SXCyL55QPS5Q\/movimentacao-fabricio-queiroz-v2.png\" alt=\"Entenda o que diz Fabr\u00edcio Queiroz sobre as movimenta\u00e7\u00f5es financeiras quando assessorava Fl\u00e1vio Bolsonaro na Alerj \u2014 Foto: Infografia: Juliane Monteiro\/G1\" width=\"640\" height=\"1052\" data-src=\"https:\/\/s2.glbimg.com\/w8BgWalzRVwHfQt2ObsaSkN-SGY=\/0x0:1600x2631\/984x0\/smart\/filters:strip_icc()\/i.s3.glbimg.com\/v1\/AUTH_59edd422c0c84a879bd37670ae4f538a\/internal_photos\/bs\/2019\/c\/G\/vWfuTXQ0SXCyL55QPS5Q\/movimentacao-fabricio-queiroz-v2.png\" \/><figcaption class=\"wp-caption-text\">Entenda o que diz Fabr\u00edcio Queiroz sobre as movimenta\u00e7\u00f5es financeiras quando assessorava Fl\u00e1vio Bolsonaro na Alerj (Foto: Infografia: Juliane Monteiro\/G1)<\/figcaption><\/figure>\n<\/div>\n<\/div>\n<\/div>\n<div class=\"mc-column content-text active-extra-styles\" data-block-type=\"raw\" data-block-weight=\"1\" data-block-id=\"9\">\n<div class=\"content-intertitle\">\n<h2>&#8216;Rachadinhas&#8217;<\/h2>\n<\/div>\n<\/div>\n<div class=\"mc-column content-text active-extra-styles \" data-block-type=\"unstyled\" data-block-weight=\"27\" data-block-id=\"10\">\n<p class=\"content-text__container \" data-track-category=\"Link no Texto\" data-track-links=\"\">O nome de Queiroz tamb\u00e9m apareceu em uma investiga\u00e7\u00e3o do MP sobre as &#8220;rachadinhas&#8221; na Alerj &#8211; a pr\u00e1tica de servidores devolverem parte dos sal\u00e1rios aos deputados.<\/p>\n<\/div>\n<div class=\"mc-column content-text active-extra-styles \" data-block-type=\"unstyled\" data-block-weight=\"36\" data-block-id=\"11\">\n<p class=\"content-text__container \" data-track-category=\"Link no Texto\" data-track-links=\"\">O ex-assessor confirmou ao MP que servidores do gabinete de Fl\u00e1vio Bolsonaro devolviam parte do sal\u00e1rio e que esse dinheiro era usado para ampliar a rede de colaboradores que atuavam junto \u00e0 base eleitoral do deputado.<\/p>\n<\/div>\n<div class=\"mc-column content-text active-extra-styles \" data-block-type=\"unstyled\" data-block-weight=\"50\" data-block-id=\"12\">\n<p class=\"content-text__container \" data-track-category=\"Link no Texto\" data-track-links=\"\">Segundo o documento, Queiroz \u201centendeu que a melhor maneira de intensificar a atua\u00e7\u00e3o pol\u00edtica seria a multiplica\u00e7\u00e3o dos assessores de base eleitoral, valendo-se, assim, da confian\u00e7a e da autonomia que possu\u00eda para designar v\u00e1rios assistentes de base, a partir do gerenciamento financeiro dos valores que cada um destes recebia mensalmente\u201d.<\/p>\n<\/div>\n<div class=\"mc-column content-text active-extra-styles \" data-block-type=\"unstyled\" data-block-weight=\"75\" data-block-id=\"13\">\n<p class=\"content-text__container \" data-track-category=\"Link no Texto\" data-track-links=\"\">Ele &#8220;reitera de forma absolutamente perempt\u00f3ria que jamais se beneficiou de qualquer recurso p\u00fablico para si ou terceiro, uma vez que sempre buscou preservar a finalidade p\u00fablica dos recursos oriundos da remunera\u00e7\u00e3o de assessores parlamentares que \u2013 sempre por ajuste pr\u00e9vio, livre e espont\u00e2neo \u2013 foram postos sob sua administra\u00e7\u00e3o, ao idealizar, organizar e gerir rede de colaboradores informais de sua confian\u00e7a, modicamente remunerados por atividades externas clara e firmemente alinhadas com a atividade-fim parlamentar.&#8221;<\/p>\n<\/div>\n<div class=\"mc-column content-text active-extra-styles \" data-block-type=\"unstyled\" data-block-weight=\"35\" data-block-id=\"14\">\n<p class=\"content-text__container \" data-track-category=\"Link no Texto\" data-track-links=\"\">De acordo com a declara\u00e7\u00e3o, isso significa que, \u201ccom a remunera\u00e7\u00e3o de apenas um assessor parlamentar\u201d, Queiroz \u201cconseguia designar alguns outros assessores para exercer a mesma fun\u00e7\u00e3o, expandindo, dessa forma, a atua\u00e7\u00e3o parlamentar do deputado\u201d.<\/p>\n<\/div>\n<div class=\"mc-column content-text active-extra-styles \" data-block-type=\"unstyled\" data-block-weight=\"20\" data-block-id=\"15\">\n<p class=\"content-text__container \" data-track-category=\"Link no Texto\" data-track-links=\"\">O ex-assessor n\u00e3o deu detalhes sobre como ocorriam essas contrata\u00e7\u00f5es e quantas pessoas teriam sido chamadas para trabalhar para Fl\u00e1vio.<\/p>\n<\/div>\n<div class=\"mc-column content-text active-extra-styles \" data-block-type=\"unstyled\" data-block-weight=\"19\" data-block-id=\"16\">\n<p class=\"content-text__container \" data-track-category=\"Link no Texto\" data-track-links=\"\">Queiroz diz ainda que acredita que agiu de forma l\u00edcita e que seus superiores n\u00e3o tinham conhecimento dessa pr\u00e1tica.<\/p>\n<\/div>\n<div class=\"mc-column content-text active-extra-styles \" data-block-type=\"unstyled\" data-block-weight=\"62\" data-block-id=\"17\">\n<p class=\"content-text__container \" data-track-category=\"Link no Texto\" data-track-links=\"\">Ele afirma que \u201cbuscava a concord\u00e2ncia pr\u00e9via das pessoas que indicava para as fun\u00e7\u00f5es quanto \u00e0 desconcentra\u00e7\u00e3o de parte de sua remunera\u00e7\u00e3o para os fins j\u00e1 descritos\u201d e que \u201co emprego dos recursos se revestia de evidente finalidade p\u00fablica\u201d, pois \u201cmultiplicar e refinar os meios de escuta da popula\u00e7\u00e3o por um parlamentar consiste em clar\u00edssimo refor\u00e7o de aspecto central da atividade-fim parlamentar\u201d.<\/p>\n<\/div>\n<div class=\"content-ads content-ads--reveal\" data-block-type=\"ads\" data-block-id=\"18\"><\/div>\n<div class=\"mc-column content-text active-extra-styles \" data-block-type=\"unstyled\" data-block-weight=\"36\" data-block-id=\"19\">\n<p class=\"content-text__container \" data-track-category=\"Link no Texto\" data-track-links=\"\">A declara\u00e7\u00e3o ainda afirma que Queiroz \u201cnunca reputou necess\u00e1rio expor a arquitetura interna do mecanismo que criou ao pr\u00f3prio deputado e ao chefe de gabinete, ou seja, seus superiores n\u00e3o tinham qualquer conhecimento acerca dessa atua\u00e7\u00e3o\u201d.<\/p>\n<\/div>\n<div class=\"mc-column content-text active-extra-styles\" data-block-type=\"raw\" data-block-weight=\"4\" data-block-id=\"20\">\n<div class=\"content-intertitle\">\n<h2>Fortalecimento da base eleitoral<\/h2>\n<\/div>\n<\/div>\n<div class=\"mc-column content-text active-extra-styles \" data-block-type=\"unstyled\" data-block-weight=\"31\" data-block-id=\"21\">\n<p class=\"content-text__container \" data-track-category=\"Link no Texto\" data-track-links=\"\">O documento aponta que Queiroz conheceu Fl\u00e1vio Bolsonaro nos anos 1980. Em 2007, ele foi convidado pelo parlamentar para ser assessor em seu gabinete na Assembleia Legislativa do Rio de Janeiro.<\/p>\n<\/div>\n<div class=\"mc-column content-text active-extra-styles \" data-block-type=\"unstyled\" data-block-weight=\"50\" data-block-id=\"22\">\n<p class=\"content-text__container \" data-track-category=\"Link no Texto\" data-track-links=\"\">Segundo o documento enviado ao MP, quando Queiroz come\u00e7ou a trabalhar para Fl\u00e1vio, o grupo pol\u00edtico que o apoiava entendia que ele precisava melhorar o desempenho eleitoral. No pleito de 2006, Fl\u00e1vio havia sido reeleito com 43 mil votos, pouco mais que seu advers\u00e1rio Ricardo Abr\u00e3o, que teve 41 mil.<\/p>\n<\/div>\n<div class=\"mc-column content-text active-extra-styles \" data-block-type=\"unstyled\" data-block-weight=\"75\" data-block-id=\"23\">\n<p class=\"content-text__container \" data-track-category=\"Link no Texto\" data-track-links=\"\">\u201cO ent\u00e3o deputado sempre teve grande apoio em setores da seguran\u00e7a p\u00fablica e for\u00e7as armadas. Para atender a esta base eleitoral, foi confiada a rela\u00e7\u00e3o superior e institucional ao chefe de gabinete parlamentar. (&#8230;) De outro lado, por\u00e9m, ainda se fazia necess\u00e1rio ter algu\u00e9m na organiza\u00e7\u00e3o e com tr\u00e2nsito na base de tais institui\u00e7\u00f5es. \u00c9 neste contexto que se apresenta o peticionante [Queiroz], que fora paraquedista do Ex\u00e9rcito Brasileiro e era sargento da Pol\u00edcia Militar.\u201d<\/p>\n<\/div>\n<div data-track-category=\"multicontent\" data-track-action=\"ultimo chunk conteudo\" data-track-noninteraction=\"false\" data-track-scroll=\"view\">\n<div class=\"mc-column content-text active-extra-styles \" data-block-type=\"unstyled\" data-block-weight=\"67\" data-block-id=\"24\">\n<p class=\"content-text__container \" data-track-category=\"Link no Texto\" data-track-links=\"\">O ex-assessor afirma que entendeu que a &#8220;melhor maneira de intensificar a atua\u00e7\u00e3o pol\u00edtica seria a multiplica\u00e7\u00e3o dos assessores de base eleitoral, valendo-se, assim, da confian\u00e7a e da autonomia que possu\u00eda para designar v\u00e1rios assistentes de base, a partir do gerenciamento financeiro dos valores que cada um destes recebia mensalmente.&#8221; Segundo ele, com o sal\u00e1rio de um assessor, era poss\u00edvel designar alguns outros com a mesma fun\u00e7\u00e3o.<\/p>\n<\/div>\n<\/div>\n<\/div>\n","protected":false},"excerpt":{"rendered":"<p>O ex-assessor de\u00a0Fl\u00e1vio Bolsonaro\u00a0(PSL) na Assembleia Legislativa do Rio de Janeiro, Fabr\u00edcio Queiroz, disse ao&#8230;<\/p>\n","protected":false},"author":1,"featured_media":28929,"comment_status":"closed","ping_status":"closed","sticky":false,"template":"","format":"standard","meta":{"footnotes":""},"categories":[14],"tags":[],"class_list":["post-28927","post","type-post","status-publish","format-standard","has-post-thumbnail","hentry","category-geral"],"_links":{"self":[{"href":"https:\/\/www.corumbaonline.com.br\/news\/wp-json\/wp\/v2\/posts\/28927","targetHints":{"allow":["GET"]}}],"collection":[{"href":"https:\/\/www.corumbaonline.com.br\/news\/wp-json\/wp\/v2\/posts"}],"about":[{"href":"https:\/\/www.corumbaonline.com.br\/news\/wp-json\/wp\/v2\/types\/post"}],"author":[{"embeddable":true,"href":"https:\/\/www.corumbaonline.com.br\/news\/wp-json\/wp\/v2\/users\/1"}],"replies":[{"embeddable":true,"href":"https:\/\/www.corumbaonline.com.br\/news\/wp-json\/wp\/v2\/comments?post=28927"}],"version-history":[{"count":1,"href":"https:\/\/www.corumbaonline.com.br\/news\/wp-json\/wp\/v2\/posts\/28927\/revisions"}],"predecessor-version":[{"id":28930,"href":"https:\/\/www.corumbaonline.com.br\/news\/wp-json\/wp\/v2\/posts\/28927\/revisions\/28930"}],"wp:featuredmedia":[{"embeddable":true,"href":"https:\/\/www.corumbaonline.com.br\/news\/wp-json\/wp\/v2\/media\/28929"}],"wp:attachment":[{"href":"https:\/\/www.corumbaonline.com.br\/news\/wp-json\/wp\/v2\/media?parent=28927"}],"wp:term":[{"taxonomy":"category","embeddable":true,"href":"https:\/\/www.corumbaonline.com.br\/news\/wp-json\/wp\/v2\/categories?post=28927"},{"taxonomy":"post_tag","embeddable":true,"href":"https:\/\/www.corumbaonline.com.br\/news\/wp-json\/wp\/v2\/tags?post=28927"}],"curies":[{"name":"wp","href":"https:\/\/api.w.org\/{rel}","templated":true}]}}