{"id":28933,"date":"2019-03-06T18:20:32","date_gmt":"2019-03-06T22:20:32","guid":{"rendered":"http:\/\/www.corumbaonline.com.br\/news\/?p=28933"},"modified":"2019-03-06T18:48:05","modified_gmt":"2019-03-06T22:48:05","slug":"mangueira-e-a-campea-do-carnaval-2019-do-rio","status":"publish","type":"post","link":"https:\/\/www.corumbaonline.com.br\/news\/mangueira-e-a-campea-do-carnaval-2019-do-rio\/","title":{"rendered":"Mangueira \u00e9 a campe\u00e3 do carnaval 2019 do Rio"},"content":{"rendered":"<div class=\"mc-column content-text active-extra-styles active-capital-letter\" data-block-type=\"unstyled\" data-block-weight=\"22\" data-block-id=\"2\">\n<p class=\"content-text__container theme-color-primary-first-letter\" data-track-category=\"Link no Texto\" data-track-links=\"\">A Mangueira \u00e9 a grande campe\u00e3 do carnaval 2019 do Rio de Janeiro.\u00a0<a href=\"https:\/\/g1.globo.com\/rj\/rio-de-janeiro\/carnaval\/2019\/noticia\/2019\/03\/06\/imperio-serrano-e-imperatriz-leopoldinense-sao-rebaixados-no-carnaval-do-rio.ghtml\">A Imperatriz Leopoldinense e a Imp\u00e9rio Serrano foram rebaixadas<\/a>.<\/p>\n<\/div>\n<div class=\"wall protected-content\">\n<div class=\"mc-column content-text active-extra-styles \" data-block-type=\"unstyled\" data-block-weight=\"23\" data-block-id=\"3\">\n<p class=\"content-text__container \" data-track-category=\"Link no Texto\" data-track-links=\"\">O\u00a0<strong>G1<\/strong>\u00a0acompanhou ao vivo\u00a0<a href=\"https:\/\/g1.globo.com\/rj\/rio-de-janeiro\/carnaval\/2019\/noticia\/2019\/03\/06\/carnaval-2019-veja-as-notas-da-apuracao-do-rio.ghtml\">a apura\u00e7\u00e3o das notas<\/a>, que aconteceu na tarde desta quarta-feira (6), diretamente da Marqu\u00eas de Sapuca\u00ed.\u00a0<a href=\"https:\/\/g1.globo.com\/rj\/rio-de-janeiro\/carnaval\/2019\/ao-vivo\/apuracao-do-carnaval-2019-rj.ghtml\">Veja aqui.<\/a><\/p>\n<\/div>\n<div class=\"mc-column content-text active-extra-styles \" data-block-type=\"unstyled\" data-block-weight=\"39\" data-block-id=\"4\">\n<p class=\"content-text__container \" data-track-category=\"Link no Texto\" data-track-links=\"\">Para conquistar o seu 20\u00ba t\u00edtulo, a Mangueira deu uma aula de hist\u00f3ria na Sapuca\u00ed. Mas foi uma hist\u00f3ria alternativa, com destaque para her\u00f3is da resist\u00eancia negros e \u00edndios em vez dos personagens tradicionais das p\u00e1ginas de livros escolares.<\/p>\n<p data-track-category=\"Link no Texto\" data-track-links=\"\">O enredo \u201cHist\u00f3ria pra ninar gente grande\u201d foi assinado pelo carnavalesco Leandro Vieira e contado em 24 alas e cinco alegorias. Em busca do t\u00edtulo, a Mangueira exibiu uma bandeira do Brasil com as cores da escola no final do desfile.<\/p>\n<div class=\"row medium-uncollapsed content-media content-photo\" data-block-type=\"backstage-photo\" data-block-id=\"8\">\n<div class=\"column medium-22 large-20 medium-centered content-media__container\">\n<div class=\"progressive-img can-open-lightbox\" data-min-size=\"1008x656\" data-min-size-url=\"https:\/\/s2.glbimg.com\/ddQuv9lhWd8bDeDnlWD9nvCpxjg=\/0x0:1024x667\/1008x0\/smart\/filters:strip_icc()\/i.s3.glbimg.com\/v1\/AUTH_59edd422c0c84a879bd37670ae4f538a\/internal_photos\/bs\/2019\/Z\/G\/OoxOiiQbG8y1cxGc0aLQ\/integrantes-da-mangueira-comemoram-nota-na-apuracao-carnaval2019-rio-marcos-serra-lima.jpeg\" data-max-size=\"1600x1042\" data-max-size-url=\"https:\/\/s2.glbimg.com\/X59QdNlxVHgXjkEPE6eJrL0x6Gw=\/0x0:1024x667\/1600x0\/smart\/filters:strip_icc()\/i.s3.glbimg.com\/v1\/AUTH_59edd422c0c84a879bd37670ae4f538a\/internal_photos\/bs\/2019\/Z\/G\/OoxOiiQbG8y1cxGc0aLQ\/integrantes-da-mangueira-comemoram-nota-na-apuracao-carnaval2019-rio-marcos-serra-lima.jpeg\" data-media-index=\"1\"><picture><source srcset=\"https:\/\/s2.glbimg.com\/ddQuv9lhWd8bDeDnlWD9nvCpxjg=\/0x0:1024x667\/1008x0\/smart\/filters:strip_icc()\/i.s3.glbimg.com\/v1\/AUTH_59edd422c0c84a879bd37670ae4f538a\/internal_photos\/bs\/2019\/Z\/G\/OoxOiiQbG8y1cxGc0aLQ\/integrantes-da-mangueira-comemoram-nota-na-apuracao-carnaval2019-rio-marcos-serra-lima.jpeg 1x, https:\/\/s2.glbimg.com\/GKwFVNezeZsqFruR7Sd6DxTBTKE=\/0x0:1024x667\/2016x0\/smart\/filters:strip_icc()\/i.s3.glbimg.com\/v1\/AUTH_59edd422c0c84a879bd37670ae4f538a\/internal_photos\/bs\/2019\/Z\/G\/OoxOiiQbG8y1cxGc0aLQ\/integrantes-da-mangueira-comemoram-nota-na-apuracao-carnaval2019-rio-marcos-serra-lima.jpeg 2x\" media=\"(max-width: 1024px)\" data-src=\"https:\/\/s2.glbimg.com\/ddQuv9lhWd8bDeDnlWD9nvCpxjg=\/0x0:1024x667\/1008x0\/smart\/filters:strip_icc()\/i.s3.glbimg.com\/v1\/AUTH_59edd422c0c84a879bd37670ae4f538a\/internal_photos\/bs\/2019\/Z\/G\/OoxOiiQbG8y1cxGc0aLQ\/integrantes-da-mangueira-comemoram-nota-na-apuracao-carnaval2019-rio-marcos-serra-lima.jpeg 1x, https:\/\/s2.glbimg.com\/GKwFVNezeZsqFruR7Sd6DxTBTKE=\/0x0:1024x667\/2016x0\/smart\/filters:strip_icc()\/i.s3.glbimg.com\/v1\/AUTH_59edd422c0c84a879bd37670ae4f538a\/internal_photos\/bs\/2019\/Z\/G\/OoxOiiQbG8y1cxGc0aLQ\/integrantes-da-mangueira-comemoram-nota-na-apuracao-carnaval2019-rio-marcos-serra-lima.jpeg 2x\" \/><source srcset=\"https:\/\/s2.glbimg.com\/xKb6w_rzQ-mr9qsHN5yfdzO2VKk=\/0x0:1024x667\/1262x0\/smart\/filters:strip_icc()\/i.s3.glbimg.com\/v1\/AUTH_59edd422c0c84a879bd37670ae4f538a\/internal_photos\/bs\/2019\/Z\/G\/OoxOiiQbG8y1cxGc0aLQ\/integrantes-da-mangueira-comemoram-nota-na-apuracao-carnaval2019-rio-marcos-serra-lima.jpeg 1x, https:\/\/s2.glbimg.com\/9Ka-1zYetj8kKE2jdeD86vkJYG4=\/0x0:1024x667\/2524x0\/smart\/filters:strip_icc()\/i.s3.glbimg.com\/v1\/AUTH_59edd422c0c84a879bd37670ae4f538a\/internal_photos\/bs\/2019\/Z\/G\/OoxOiiQbG8y1cxGc0aLQ\/integrantes-da-mangueira-comemoram-nota-na-apuracao-carnaval2019-rio-marcos-serra-lima.jpeg 2x\" media=\"(max-width: 1280px)\" data-src=\"https:\/\/s2.glbimg.com\/xKb6w_rzQ-mr9qsHN5yfdzO2VKk=\/0x0:1024x667\/1262x0\/smart\/filters:strip_icc()\/i.s3.glbimg.com\/v1\/AUTH_59edd422c0c84a879bd37670ae4f538a\/internal_photos\/bs\/2019\/Z\/G\/OoxOiiQbG8y1cxGc0aLQ\/integrantes-da-mangueira-comemoram-nota-na-apuracao-carnaval2019-rio-marcos-serra-lima.jpeg 1x, https:\/\/s2.glbimg.com\/9Ka-1zYetj8kKE2jdeD86vkJYG4=\/0x0:1024x667\/2524x0\/smart\/filters:strip_icc()\/i.s3.glbimg.com\/v1\/AUTH_59edd422c0c84a879bd37670ae4f538a\/internal_photos\/bs\/2019\/Z\/G\/OoxOiiQbG8y1cxGc0aLQ\/integrantes-da-mangueira-comemoram-nota-na-apuracao-carnaval2019-rio-marcos-serra-lima.jpeg 2x\" \/><source srcset=\"https:\/\/s2.glbimg.com\/KE33slcYhE7yZE3e3toN5XtAtAE=\/0x0:1024x667\/1344x0\/smart\/filters:strip_icc()\/i.s3.glbimg.com\/v1\/AUTH_59edd422c0c84a879bd37670ae4f538a\/internal_photos\/bs\/2019\/Z\/G\/OoxOiiQbG8y1cxGc0aLQ\/integrantes-da-mangueira-comemoram-nota-na-apuracao-carnaval2019-rio-marcos-serra-lima.jpeg 1x, https:\/\/s2.glbimg.com\/lF_u44kbcoaQ29RWjDnECP8RZhs=\/0x0:1024x667\/2688x0\/smart\/filters:strip_icc()\/i.s3.glbimg.com\/v1\/AUTH_59edd422c0c84a879bd37670ae4f538a\/internal_photos\/bs\/2019\/Z\/G\/OoxOiiQbG8y1cxGc0aLQ\/integrantes-da-mangueira-comemoram-nota-na-apuracao-carnaval2019-rio-marcos-serra-lima.jpeg 2x\" media=\"(max-width: 1360px)\" data-src=\"https:\/\/s2.glbimg.com\/KE33slcYhE7yZE3e3toN5XtAtAE=\/0x0:1024x667\/1344x0\/smart\/filters:strip_icc()\/i.s3.glbimg.com\/v1\/AUTH_59edd422c0c84a879bd37670ae4f538a\/internal_photos\/bs\/2019\/Z\/G\/OoxOiiQbG8y1cxGc0aLQ\/integrantes-da-mangueira-comemoram-nota-na-apuracao-carnaval2019-rio-marcos-serra-lima.jpeg 1x, https:\/\/s2.glbimg.com\/lF_u44kbcoaQ29RWjDnECP8RZhs=\/0x0:1024x667\/2688x0\/smart\/filters:strip_icc()\/i.s3.glbimg.com\/v1\/AUTH_59edd422c0c84a879bd37670ae4f538a\/internal_photos\/bs\/2019\/Z\/G\/OoxOiiQbG8y1cxGc0aLQ\/integrantes-da-mangueira-comemoram-nota-na-apuracao-carnaval2019-rio-marcos-serra-lima.jpeg 2x\" \/><source srcset=\"https:\/\/s2.glbimg.com\/X59QdNlxVHgXjkEPE6eJrL0x6Gw=\/0x0:1024x667\/1600x0\/smart\/filters:strip_icc()\/i.s3.glbimg.com\/v1\/AUTH_59edd422c0c84a879bd37670ae4f538a\/internal_photos\/bs\/2019\/Z\/G\/OoxOiiQbG8y1cxGc0aLQ\/integrantes-da-mangueira-comemoram-nota-na-apuracao-carnaval2019-rio-marcos-serra-lima.jpeg 1x, https:\/\/s2.glbimg.com\/AiJvJFmCMXpr9YArInnWCxFdvjI=\/0x0:1024x667\/3200x0\/smart\/filters:strip_icc()\/i.s3.glbimg.com\/v1\/AUTH_59edd422c0c84a879bd37670ae4f538a\/internal_photos\/bs\/2019\/Z\/G\/OoxOiiQbG8y1cxGc0aLQ\/integrantes-da-mangueira-comemoram-nota-na-apuracao-carnaval2019-rio-marcos-serra-lima.jpeg 2x\" media=\"(min-width: 1361px)\" data-src=\"https:\/\/s2.glbimg.com\/X59QdNlxVHgXjkEPE6eJrL0x6Gw=\/0x0:1024x667\/1600x0\/smart\/filters:strip_icc()\/i.s3.glbimg.com\/v1\/AUTH_59edd422c0c84a879bd37670ae4f538a\/internal_photos\/bs\/2019\/Z\/G\/OoxOiiQbG8y1cxGc0aLQ\/integrantes-da-mangueira-comemoram-nota-na-apuracao-carnaval2019-rio-marcos-serra-lima.jpeg 1x, https:\/\/s2.glbimg.com\/AiJvJFmCMXpr9YArInnWCxFdvjI=\/0x0:1024x667\/3200x0\/smart\/filters:strip_icc()\/i.s3.glbimg.com\/v1\/AUTH_59edd422c0c84a879bd37670ae4f538a\/internal_photos\/bs\/2019\/Z\/G\/OoxOiiQbG8y1cxGc0aLQ\/integrantes-da-mangueira-comemoram-nota-na-apuracao-carnaval2019-rio-marcos-serra-lima.jpeg 2x\" \/><source srcset=\"https:\/\/s2.glbimg.com\/ddQuv9lhWd8bDeDnlWD9nvCpxjg=\/0x0:1024x667\/1008x0\/smart\/filters:strip_icc()\/i.s3.glbimg.com\/v1\/AUTH_59edd422c0c84a879bd37670ae4f538a\/internal_photos\/bs\/2019\/Z\/G\/OoxOiiQbG8y1cxGc0aLQ\/integrantes-da-mangueira-comemoram-nota-na-apuracao-carnaval2019-rio-marcos-serra-lima.jpeg\" data-src=\"https:\/\/s2.glbimg.com\/ddQuv9lhWd8bDeDnlWD9nvCpxjg=\/0x0:1024x667\/1008x0\/smart\/filters:strip_icc()\/i.s3.glbimg.com\/v1\/AUTH_59edd422c0c84a879bd37670ae4f538a\/internal_photos\/bs\/2019\/Z\/G\/OoxOiiQbG8y1cxGc0aLQ\/integrantes-da-mangueira-comemoram-nota-na-apuracao-carnaval2019-rio-marcos-serra-lima.jpeg\" \/><\/picture>\n<figure style=\"width: 1008px\" class=\"wp-caption alignnone\"><img loading=\"lazy\" decoding=\"async\" class=\"image content-media__image progressive-loaded\" title=\"Integrantes da Mangueira comemoram nota na apura\u00e7\u00e3o do carnaval 2019 \u2014 Foto: Marcos Serra Lima\" src=\"https:\/\/s2.glbimg.com\/ddQuv9lhWd8bDeDnlWD9nvCpxjg=\/0x0:1024x667\/1008x0\/smart\/filters:strip_icc()\/i.s3.glbimg.com\/v1\/AUTH_59edd422c0c84a879bd37670ae4f538a\/internal_photos\/bs\/2019\/Z\/G\/OoxOiiQbG8y1cxGc0aLQ\/integrantes-da-mangueira-comemoram-nota-na-apuracao-carnaval2019-rio-marcos-serra-lima.jpeg\" alt=\"Integrantes da Mangueira comemoram nota na apura\u00e7\u00e3o do carnaval 2019 \u2014 Foto: Marcos Serra Lima\" width=\"1008\" height=\"657\" data-src=\"https:\/\/s2.glbimg.com\/ddQuv9lhWd8bDeDnlWD9nvCpxjg=\/0x0:1024x667\/1008x0\/smart\/filters:strip_icc()\/i.s3.glbimg.com\/v1\/AUTH_59edd422c0c84a879bd37670ae4f538a\/internal_photos\/bs\/2019\/Z\/G\/OoxOiiQbG8y1cxGc0aLQ\/integrantes-da-mangueira-comemoram-nota-na-apuracao-carnaval2019-rio-marcos-serra-lima.jpeg\" \/><figcaption class=\"wp-caption-text\">Integrantes da Mangueira comemoram nota na apura\u00e7\u00e3o do carnaval 2019 (Foto: Marcos Serra Lima)<\/figcaption><\/figure>\n<\/div>\n<p class=\"content-media__description \">\u00a0<\/p>\n<\/div>\n<\/div>\n<div class=\"row medium-uncollapsed content-media content-photo\" data-block-type=\"backstage-photo\" data-block-id=\"9\">\n<div class=\"column medium-22 large-20 medium-centered content-media__container\">\n<div class=\"progressive-img can-open-lightbox\" data-min-size=\"1008x671\" data-min-size-url=\"https:\/\/s2.glbimg.com\/CeAxwCSXDL4RQfk4TebeA6La88I=\/0x0:1024x682\/1008x0\/smart\/filters:strip_icc()\/i.s3.glbimg.com\/v1\/AUTH_59edd422c0c84a879bd37670ae4f538a\/internal_photos\/bs\/2019\/2\/w\/flaaEjT9GCEmyrHpBCGw\/evelyn3.jpg\" data-max-size=\"1600x1065\" data-max-size-url=\"https:\/\/s2.glbimg.com\/vJDtAj4ZNrS42UWaYrjID9EJpiw=\/0x0:1024x682\/1600x0\/smart\/filters:strip_icc()\/i.s3.glbimg.com\/v1\/AUTH_59edd422c0c84a879bd37670ae4f538a\/internal_photos\/bs\/2019\/2\/w\/flaaEjT9GCEmyrHpBCGw\/evelyn3.jpg\" data-media-index=\"2\"><picture><source srcset=\"https:\/\/s2.glbimg.com\/CeAxwCSXDL4RQfk4TebeA6La88I=\/0x0:1024x682\/1008x0\/smart\/filters:strip_icc()\/i.s3.glbimg.com\/v1\/AUTH_59edd422c0c84a879bd37670ae4f538a\/internal_photos\/bs\/2019\/2\/w\/flaaEjT9GCEmyrHpBCGw\/evelyn3.jpg 1x, https:\/\/s2.glbimg.com\/SgUs9w10AJxUF-02PXpy9IEyK8Y=\/0x0:1024x682\/2016x0\/smart\/filters:strip_icc()\/i.s3.glbimg.com\/v1\/AUTH_59edd422c0c84a879bd37670ae4f538a\/internal_photos\/bs\/2019\/2\/w\/flaaEjT9GCEmyrHpBCGw\/evelyn3.jpg 2x\" media=\"(max-width: 1024px)\" data-src=\"https:\/\/s2.glbimg.com\/CeAxwCSXDL4RQfk4TebeA6La88I=\/0x0:1024x682\/1008x0\/smart\/filters:strip_icc()\/i.s3.glbimg.com\/v1\/AUTH_59edd422c0c84a879bd37670ae4f538a\/internal_photos\/bs\/2019\/2\/w\/flaaEjT9GCEmyrHpBCGw\/evelyn3.jpg 1x, https:\/\/s2.glbimg.com\/SgUs9w10AJxUF-02PXpy9IEyK8Y=\/0x0:1024x682\/2016x0\/smart\/filters:strip_icc()\/i.s3.glbimg.com\/v1\/AUTH_59edd422c0c84a879bd37670ae4f538a\/internal_photos\/bs\/2019\/2\/w\/flaaEjT9GCEmyrHpBCGw\/evelyn3.jpg 2x\" \/><source srcset=\"https:\/\/s2.glbimg.com\/Dh3uLcImpOVNGTG2hsyskfWW4Jc=\/0x0:1024x682\/1262x0\/smart\/filters:strip_icc()\/i.s3.glbimg.com\/v1\/AUTH_59edd422c0c84a879bd37670ae4f538a\/internal_photos\/bs\/2019\/2\/w\/flaaEjT9GCEmyrHpBCGw\/evelyn3.jpg 1x, https:\/\/s2.glbimg.com\/qPArR8E8K9HIIpR2BqUTsTuJOOA=\/0x0:1024x682\/2524x0\/smart\/filters:strip_icc()\/i.s3.glbimg.com\/v1\/AUTH_59edd422c0c84a879bd37670ae4f538a\/internal_photos\/bs\/2019\/2\/w\/flaaEjT9GCEmyrHpBCGw\/evelyn3.jpg 2x\" media=\"(max-width: 1280px)\" data-src=\"https:\/\/s2.glbimg.com\/Dh3uLcImpOVNGTG2hsyskfWW4Jc=\/0x0:1024x682\/1262x0\/smart\/filters:strip_icc()\/i.s3.glbimg.com\/v1\/AUTH_59edd422c0c84a879bd37670ae4f538a\/internal_photos\/bs\/2019\/2\/w\/flaaEjT9GCEmyrHpBCGw\/evelyn3.jpg 1x, https:\/\/s2.glbimg.com\/qPArR8E8K9HIIpR2BqUTsTuJOOA=\/0x0:1024x682\/2524x0\/smart\/filters:strip_icc()\/i.s3.glbimg.com\/v1\/AUTH_59edd422c0c84a879bd37670ae4f538a\/internal_photos\/bs\/2019\/2\/w\/flaaEjT9GCEmyrHpBCGw\/evelyn3.jpg 2x\" \/><source srcset=\"https:\/\/s2.glbimg.com\/uKsODzA0osS75O4kHy664PQTt0M=\/0x0:1024x682\/1344x0\/smart\/filters:strip_icc()\/i.s3.glbimg.com\/v1\/AUTH_59edd422c0c84a879bd37670ae4f538a\/internal_photos\/bs\/2019\/2\/w\/flaaEjT9GCEmyrHpBCGw\/evelyn3.jpg 1x, https:\/\/s2.glbimg.com\/05kXwHoJdQ1qjBJA_hQFZEqzBBg=\/0x0:1024x682\/2688x0\/smart\/filters:strip_icc()\/i.s3.glbimg.com\/v1\/AUTH_59edd422c0c84a879bd37670ae4f538a\/internal_photos\/bs\/2019\/2\/w\/flaaEjT9GCEmyrHpBCGw\/evelyn3.jpg 2x\" media=\"(max-width: 1360px)\" data-src=\"https:\/\/s2.glbimg.com\/uKsODzA0osS75O4kHy664PQTt0M=\/0x0:1024x682\/1344x0\/smart\/filters:strip_icc()\/i.s3.glbimg.com\/v1\/AUTH_59edd422c0c84a879bd37670ae4f538a\/internal_photos\/bs\/2019\/2\/w\/flaaEjT9GCEmyrHpBCGw\/evelyn3.jpg 1x, https:\/\/s2.glbimg.com\/05kXwHoJdQ1qjBJA_hQFZEqzBBg=\/0x0:1024x682\/2688x0\/smart\/filters:strip_icc()\/i.s3.glbimg.com\/v1\/AUTH_59edd422c0c84a879bd37670ae4f538a\/internal_photos\/bs\/2019\/2\/w\/flaaEjT9GCEmyrHpBCGw\/evelyn3.jpg 2x\" \/><source srcset=\"https:\/\/s2.glbimg.com\/vJDtAj4ZNrS42UWaYrjID9EJpiw=\/0x0:1024x682\/1600x0\/smart\/filters:strip_icc()\/i.s3.glbimg.com\/v1\/AUTH_59edd422c0c84a879bd37670ae4f538a\/internal_photos\/bs\/2019\/2\/w\/flaaEjT9GCEmyrHpBCGw\/evelyn3.jpg 1x, https:\/\/s2.glbimg.com\/Xdmr_sKLpP7vMIFGpYAuOHQ0QjA=\/0x0:1024x682\/3200x0\/smart\/filters:strip_icc()\/i.s3.glbimg.com\/v1\/AUTH_59edd422c0c84a879bd37670ae4f538a\/internal_photos\/bs\/2019\/2\/w\/flaaEjT9GCEmyrHpBCGw\/evelyn3.jpg 2x\" media=\"(min-width: 1361px)\" data-src=\"https:\/\/s2.glbimg.com\/vJDtAj4ZNrS42UWaYrjID9EJpiw=\/0x0:1024x682\/1600x0\/smart\/filters:strip_icc()\/i.s3.glbimg.com\/v1\/AUTH_59edd422c0c84a879bd37670ae4f538a\/internal_photos\/bs\/2019\/2\/w\/flaaEjT9GCEmyrHpBCGw\/evelyn3.jpg 1x, https:\/\/s2.glbimg.com\/Xdmr_sKLpP7vMIFGpYAuOHQ0QjA=\/0x0:1024x682\/3200x0\/smart\/filters:strip_icc()\/i.s3.glbimg.com\/v1\/AUTH_59edd422c0c84a879bd37670ae4f538a\/internal_photos\/bs\/2019\/2\/w\/flaaEjT9GCEmyrHpBCGw\/evelyn3.jpg 2x\" \/><source srcset=\"https:\/\/s2.glbimg.com\/CeAxwCSXDL4RQfk4TebeA6La88I=\/0x0:1024x682\/1008x0\/smart\/filters:strip_icc()\/i.s3.glbimg.com\/v1\/AUTH_59edd422c0c84a879bd37670ae4f538a\/internal_photos\/bs\/2019\/2\/w\/flaaEjT9GCEmyrHpBCGw\/evelyn3.jpg\" data-src=\"https:\/\/s2.glbimg.com\/CeAxwCSXDL4RQfk4TebeA6La88I=\/0x0:1024x682\/1008x0\/smart\/filters:strip_icc()\/i.s3.glbimg.com\/v1\/AUTH_59edd422c0c84a879bd37670ae4f538a\/internal_photos\/bs\/2019\/2\/w\/flaaEjT9GCEmyrHpBCGw\/evelyn3.jpg\" \/><\/picture>\n<figure style=\"width: 1008px\" class=\"wp-caption alignnone\"><img loading=\"lazy\" decoding=\"async\" class=\"image content-media__image progressive-loaded\" title=\"Evelyn Bastos, rainha de bateria da Mangueira, durante a apura\u00e7\u00e3o das notas \u2014 Foto: Marcos Serra Lima\/G1\" src=\"https:\/\/s2.glbimg.com\/CeAxwCSXDL4RQfk4TebeA6La88I=\/0x0:1024x682\/1008x0\/smart\/filters:strip_icc()\/i.s3.glbimg.com\/v1\/AUTH_59edd422c0c84a879bd37670ae4f538a\/internal_photos\/bs\/2019\/2\/w\/flaaEjT9GCEmyrHpBCGw\/evelyn3.jpg\" alt=\"Evelyn Bastos, rainha de bateria da Mangueira, durante a apura\u00e7\u00e3o das notas \u2014 Foto: Marcos Serra Lima\/G1\" width=\"1008\" height=\"671\" data-src=\"https:\/\/s2.glbimg.com\/CeAxwCSXDL4RQfk4TebeA6La88I=\/0x0:1024x682\/1008x0\/smart\/filters:strip_icc()\/i.s3.glbimg.com\/v1\/AUTH_59edd422c0c84a879bd37670ae4f538a\/internal_photos\/bs\/2019\/2\/w\/flaaEjT9GCEmyrHpBCGw\/evelyn3.jpg\" \/><figcaption class=\"wp-caption-text\">Evelyn Bastos, rainha de bateria da Mangueira, durante a apura\u00e7\u00e3o das notas (Foto: Marcos Serra Lima\/G1)<\/figcaption><\/figure>\n<\/div>\n<p class=\"content-media__description \">\u00a0<\/p>\n<\/div>\n<\/div>\n<\/div>\n<\/div>\n<div class=\"row medium-uncollapsed content-media content-photo\" data-block-type=\"backstage-photo\" data-block-id=\"11\">\n<div class=\"column medium-22 large-20 medium-centered content-media__container\">\n<div class=\"progressive-img can-open-lightbox\" data-min-size=\"1008x671\" data-min-size-url=\"https:\/\/s2.glbimg.com\/q83eoQvhH5J099q4MKHp6Ub09Z0=\/0x0:1280x853\/1008x0\/smart\/filters:strip_icc()\/i.s3.glbimg.com\/v1\/AUTH_59edd422c0c84a879bd37670ae4f538a\/internal_photos\/bs\/2019\/v\/V\/1DAs4TTWq9BvZrOOLt3A\/whatsapp-image-2019-03-06-at-17.41.51.jpeg\" data-max-size=\"1600x1066\" data-max-size-url=\"https:\/\/s2.glbimg.com\/om4TZ5R822lD5e9QlJdTlRYbp4I=\/0x0:1280x853\/1600x0\/smart\/filters:strip_icc()\/i.s3.glbimg.com\/v1\/AUTH_59edd422c0c84a879bd37670ae4f538a\/internal_photos\/bs\/2019\/v\/V\/1DAs4TTWq9BvZrOOLt3A\/whatsapp-image-2019-03-06-at-17.41.51.jpeg\" data-media-index=\"3\"><picture><source srcset=\"https:\/\/s2.glbimg.com\/q83eoQvhH5J099q4MKHp6Ub09Z0=\/0x0:1280x853\/1008x0\/smart\/filters:strip_icc()\/i.s3.glbimg.com\/v1\/AUTH_59edd422c0c84a879bd37670ae4f538a\/internal_photos\/bs\/2019\/v\/V\/1DAs4TTWq9BvZrOOLt3A\/whatsapp-image-2019-03-06-at-17.41.51.jpeg 1x, https:\/\/s2.glbimg.com\/5EAlx4Mfu1KgSTuu5j3CgHbr0t8=\/0x0:1280x853\/2016x0\/smart\/filters:strip_icc()\/i.s3.glbimg.com\/v1\/AUTH_59edd422c0c84a879bd37670ae4f538a\/internal_photos\/bs\/2019\/v\/V\/1DAs4TTWq9BvZrOOLt3A\/whatsapp-image-2019-03-06-at-17.41.51.jpeg 2x\" media=\"(max-width: 1024px)\" data-src=\"https:\/\/s2.glbimg.com\/q83eoQvhH5J099q4MKHp6Ub09Z0=\/0x0:1280x853\/1008x0\/smart\/filters:strip_icc()\/i.s3.glbimg.com\/v1\/AUTH_59edd422c0c84a879bd37670ae4f538a\/internal_photos\/bs\/2019\/v\/V\/1DAs4TTWq9BvZrOOLt3A\/whatsapp-image-2019-03-06-at-17.41.51.jpeg 1x, https:\/\/s2.glbimg.com\/5EAlx4Mfu1KgSTuu5j3CgHbr0t8=\/0x0:1280x853\/2016x0\/smart\/filters:strip_icc()\/i.s3.glbimg.com\/v1\/AUTH_59edd422c0c84a879bd37670ae4f538a\/internal_photos\/bs\/2019\/v\/V\/1DAs4TTWq9BvZrOOLt3A\/whatsapp-image-2019-03-06-at-17.41.51.jpeg 2x\" \/><source srcset=\"https:\/\/s2.glbimg.com\/VTiV1VGvi7D9kkPWnw7k7k3lu3Q=\/0x0:1280x853\/1262x0\/smart\/filters:strip_icc()\/i.s3.glbimg.com\/v1\/AUTH_59edd422c0c84a879bd37670ae4f538a\/internal_photos\/bs\/2019\/v\/V\/1DAs4TTWq9BvZrOOLt3A\/whatsapp-image-2019-03-06-at-17.41.51.jpeg 1x, https:\/\/s2.glbimg.com\/MWb8nZiPfLWUEvtN4U-jvT4QsKs=\/0x0:1280x853\/2524x0\/smart\/filters:strip_icc()\/i.s3.glbimg.com\/v1\/AUTH_59edd422c0c84a879bd37670ae4f538a\/internal_photos\/bs\/2019\/v\/V\/1DAs4TTWq9BvZrOOLt3A\/whatsapp-image-2019-03-06-at-17.41.51.jpeg 2x\" media=\"(max-width: 1280px)\" data-src=\"https:\/\/s2.glbimg.com\/VTiV1VGvi7D9kkPWnw7k7k3lu3Q=\/0x0:1280x853\/1262x0\/smart\/filters:strip_icc()\/i.s3.glbimg.com\/v1\/AUTH_59edd422c0c84a879bd37670ae4f538a\/internal_photos\/bs\/2019\/v\/V\/1DAs4TTWq9BvZrOOLt3A\/whatsapp-image-2019-03-06-at-17.41.51.jpeg 1x, https:\/\/s2.glbimg.com\/MWb8nZiPfLWUEvtN4U-jvT4QsKs=\/0x0:1280x853\/2524x0\/smart\/filters:strip_icc()\/i.s3.glbimg.com\/v1\/AUTH_59edd422c0c84a879bd37670ae4f538a\/internal_photos\/bs\/2019\/v\/V\/1DAs4TTWq9BvZrOOLt3A\/whatsapp-image-2019-03-06-at-17.41.51.jpeg 2x\" \/><source srcset=\"https:\/\/s2.glbimg.com\/20V5ojhW33rkYUYY3CSdkyx95Bk=\/0x0:1280x853\/1344x0\/smart\/filters:strip_icc()\/i.s3.glbimg.com\/v1\/AUTH_59edd422c0c84a879bd37670ae4f538a\/internal_photos\/bs\/2019\/v\/V\/1DAs4TTWq9BvZrOOLt3A\/whatsapp-image-2019-03-06-at-17.41.51.jpeg 1x, https:\/\/s2.glbimg.com\/R5Ehrz7hBkG2cFg67tDnHqgdiYU=\/0x0:1280x853\/2688x0\/smart\/filters:strip_icc()\/i.s3.glbimg.com\/v1\/AUTH_59edd422c0c84a879bd37670ae4f538a\/internal_photos\/bs\/2019\/v\/V\/1DAs4TTWq9BvZrOOLt3A\/whatsapp-image-2019-03-06-at-17.41.51.jpeg 2x\" media=\"(max-width: 1360px)\" data-src=\"https:\/\/s2.glbimg.com\/20V5ojhW33rkYUYY3CSdkyx95Bk=\/0x0:1280x853\/1344x0\/smart\/filters:strip_icc()\/i.s3.glbimg.com\/v1\/AUTH_59edd422c0c84a879bd37670ae4f538a\/internal_photos\/bs\/2019\/v\/V\/1DAs4TTWq9BvZrOOLt3A\/whatsapp-image-2019-03-06-at-17.41.51.jpeg 1x, https:\/\/s2.glbimg.com\/R5Ehrz7hBkG2cFg67tDnHqgdiYU=\/0x0:1280x853\/2688x0\/smart\/filters:strip_icc()\/i.s3.glbimg.com\/v1\/AUTH_59edd422c0c84a879bd37670ae4f538a\/internal_photos\/bs\/2019\/v\/V\/1DAs4TTWq9BvZrOOLt3A\/whatsapp-image-2019-03-06-at-17.41.51.jpeg 2x\" \/><source srcset=\"https:\/\/s2.glbimg.com\/om4TZ5R822lD5e9QlJdTlRYbp4I=\/0x0:1280x853\/1600x0\/smart\/filters:strip_icc()\/i.s3.glbimg.com\/v1\/AUTH_59edd422c0c84a879bd37670ae4f538a\/internal_photos\/bs\/2019\/v\/V\/1DAs4TTWq9BvZrOOLt3A\/whatsapp-image-2019-03-06-at-17.41.51.jpeg 1x, https:\/\/s2.glbimg.com\/OtpfA1_Uz2DQIe5H2zc0ovDdVd8=\/0x0:1280x853\/3200x0\/smart\/filters:strip_icc()\/i.s3.glbimg.com\/v1\/AUTH_59edd422c0c84a879bd37670ae4f538a\/internal_photos\/bs\/2019\/v\/V\/1DAs4TTWq9BvZrOOLt3A\/whatsapp-image-2019-03-06-at-17.41.51.jpeg 2x\" media=\"(min-width: 1361px)\" data-src=\"https:\/\/s2.glbimg.com\/om4TZ5R822lD5e9QlJdTlRYbp4I=\/0x0:1280x853\/1600x0\/smart\/filters:strip_icc()\/i.s3.glbimg.com\/v1\/AUTH_59edd422c0c84a879bd37670ae4f538a\/internal_photos\/bs\/2019\/v\/V\/1DAs4TTWq9BvZrOOLt3A\/whatsapp-image-2019-03-06-at-17.41.51.jpeg 1x, https:\/\/s2.glbimg.com\/OtpfA1_Uz2DQIe5H2zc0ovDdVd8=\/0x0:1280x853\/3200x0\/smart\/filters:strip_icc()\/i.s3.glbimg.com\/v1\/AUTH_59edd422c0c84a879bd37670ae4f538a\/internal_photos\/bs\/2019\/v\/V\/1DAs4TTWq9BvZrOOLt3A\/whatsapp-image-2019-03-06-at-17.41.51.jpeg 2x\" \/><source srcset=\"https:\/\/s2.glbimg.com\/q83eoQvhH5J099q4MKHp6Ub09Z0=\/0x0:1280x853\/1008x0\/smart\/filters:strip_icc()\/i.s3.glbimg.com\/v1\/AUTH_59edd422c0c84a879bd37670ae4f538a\/internal_photos\/bs\/2019\/v\/V\/1DAs4TTWq9BvZrOOLt3A\/whatsapp-image-2019-03-06-at-17.41.51.jpeg\" data-src=\"https:\/\/s2.glbimg.com\/q83eoQvhH5J099q4MKHp6Ub09Z0=\/0x0:1280x853\/1008x0\/smart\/filters:strip_icc()\/i.s3.glbimg.com\/v1\/AUTH_59edd422c0c84a879bd37670ae4f538a\/internal_photos\/bs\/2019\/v\/V\/1DAs4TTWq9BvZrOOLt3A\/whatsapp-image-2019-03-06-at-17.41.51.jpeg\" \/><img decoding=\"async\" class=\"image content-media__image progressive-loaded\" title=\"Quadra da Mangueira em festa durante a apura\u00e7\u00e3o das notas \u2014 Foto: Rodrigo Gorosito\/G1\" src=\"https:\/\/s2.glbimg.com\/q83eoQvhH5J099q4MKHp6Ub09Z0=\/0x0:1280x853\/1008x0\/smart\/filters:strip_icc()\/i.s3.glbimg.com\/v1\/AUTH_59edd422c0c84a879bd37670ae4f538a\/internal_photos\/bs\/2019\/v\/V\/1DAs4TTWq9BvZrOOLt3A\/whatsapp-image-2019-03-06-at-17.41.51.jpeg\" alt=\"Quadra da Mangueira em festa durante a apura\u00e7\u00e3o das notas \u2014 Foto: Rodrigo Gorosito\/G1\" data-src=\"https:\/\/s2.glbimg.com\/q83eoQvhH5J099q4MKHp6Ub09Z0=\/0x0:1280x853\/1008x0\/smart\/filters:strip_icc()\/i.s3.glbimg.com\/v1\/AUTH_59edd422c0c84a879bd37670ae4f538a\/internal_photos\/bs\/2019\/v\/V\/1DAs4TTWq9BvZrOOLt3A\/whatsapp-image-2019-03-06-at-17.41.51.jpeg\" \/><\/picture><\/div>\n<p class=\"content-media__description \">Quadra da Mangueira em festa durante a apura\u00e7\u00e3o das notas (Foto: Rodrigo Gorosito\/G1)<\/p>\n<\/div>\n<\/div>\n<div class=\"row medium-uncollapsed content-media content-photo\" data-block-type=\"backstage-photo\" data-block-id=\"12\">\n<div class=\"column medium-22 large-20 medium-centered content-media__container\">\n<div class=\"progressive-img can-open-lightbox\" data-min-size=\"1008x496\" data-min-size-url=\"https:\/\/s2.glbimg.com\/uTbkfSfHrfyu-wGQ8wmffmhS_zY=\/0x0:1400x689\/1008x0\/smart\/filters:strip_icc()\/i.s3.glbimg.com\/v1\/AUTH_59edd422c0c84a879bd37670ae4f538a\/internal_photos\/bs\/2019\/2\/Y\/kei3FBQFW8gwikpyX7Xw\/apuracao-rj-final.jpg\" data-max-size=\"1600x787\" data-max-size-url=\"https:\/\/s2.glbimg.com\/baQuAx9-Jz0L-WAxnfXZs8PMYVA=\/0x0:1400x689\/1600x0\/smart\/filters:strip_icc()\/i.s3.glbimg.com\/v1\/AUTH_59edd422c0c84a879bd37670ae4f538a\/internal_photos\/bs\/2019\/2\/Y\/kei3FBQFW8gwikpyX7Xw\/apuracao-rj-final.jpg\" data-media-index=\"4\"><picture><source srcset=\"https:\/\/s2.glbimg.com\/uTbkfSfHrfyu-wGQ8wmffmhS_zY=\/0x0:1400x689\/1008x0\/smart\/filters:strip_icc()\/i.s3.glbimg.com\/v1\/AUTH_59edd422c0c84a879bd37670ae4f538a\/internal_photos\/bs\/2019\/2\/Y\/kei3FBQFW8gwikpyX7Xw\/apuracao-rj-final.jpg 1x, https:\/\/s2.glbimg.com\/WPSJ-GhcDlWxpHnO0ywD3By2KRY=\/0x0:1400x689\/2016x0\/smart\/filters:strip_icc()\/i.s3.glbimg.com\/v1\/AUTH_59edd422c0c84a879bd37670ae4f538a\/internal_photos\/bs\/2019\/2\/Y\/kei3FBQFW8gwikpyX7Xw\/apuracao-rj-final.jpg 2x\" media=\"(max-width: 1024px)\" data-src=\"https:\/\/s2.glbimg.com\/uTbkfSfHrfyu-wGQ8wmffmhS_zY=\/0x0:1400x689\/1008x0\/smart\/filters:strip_icc()\/i.s3.glbimg.com\/v1\/AUTH_59edd422c0c84a879bd37670ae4f538a\/internal_photos\/bs\/2019\/2\/Y\/kei3FBQFW8gwikpyX7Xw\/apuracao-rj-final.jpg 1x, https:\/\/s2.glbimg.com\/WPSJ-GhcDlWxpHnO0ywD3By2KRY=\/0x0:1400x689\/2016x0\/smart\/filters:strip_icc()\/i.s3.glbimg.com\/v1\/AUTH_59edd422c0c84a879bd37670ae4f538a\/internal_photos\/bs\/2019\/2\/Y\/kei3FBQFW8gwikpyX7Xw\/apuracao-rj-final.jpg 2x\" \/><source srcset=\"https:\/\/s2.glbimg.com\/I3zyGTnRD1CT6UcCU0vthbXXR_w=\/0x0:1400x689\/1262x0\/smart\/filters:strip_icc()\/i.s3.glbimg.com\/v1\/AUTH_59edd422c0c84a879bd37670ae4f538a\/internal_photos\/bs\/2019\/2\/Y\/kei3FBQFW8gwikpyX7Xw\/apuracao-rj-final.jpg 1x, https:\/\/s2.glbimg.com\/7dqvQG7mIikIiZfkzZuYaB7bI6w=\/0x0:1400x689\/2524x0\/smart\/filters:strip_icc()\/i.s3.glbimg.com\/v1\/AUTH_59edd422c0c84a879bd37670ae4f538a\/internal_photos\/bs\/2019\/2\/Y\/kei3FBQFW8gwikpyX7Xw\/apuracao-rj-final.jpg 2x\" media=\"(max-width: 1280px)\" data-src=\"https:\/\/s2.glbimg.com\/I3zyGTnRD1CT6UcCU0vthbXXR_w=\/0x0:1400x689\/1262x0\/smart\/filters:strip_icc()\/i.s3.glbimg.com\/v1\/AUTH_59edd422c0c84a879bd37670ae4f538a\/internal_photos\/bs\/2019\/2\/Y\/kei3FBQFW8gwikpyX7Xw\/apuracao-rj-final.jpg 1x, https:\/\/s2.glbimg.com\/7dqvQG7mIikIiZfkzZuYaB7bI6w=\/0x0:1400x689\/2524x0\/smart\/filters:strip_icc()\/i.s3.glbimg.com\/v1\/AUTH_59edd422c0c84a879bd37670ae4f538a\/internal_photos\/bs\/2019\/2\/Y\/kei3FBQFW8gwikpyX7Xw\/apuracao-rj-final.jpg 2x\" \/><source srcset=\"https:\/\/s2.glbimg.com\/Sjgm_Y73msWNH48CWhEQqUAS9HE=\/0x0:1400x689\/1344x0\/smart\/filters:strip_icc()\/i.s3.glbimg.com\/v1\/AUTH_59edd422c0c84a879bd37670ae4f538a\/internal_photos\/bs\/2019\/2\/Y\/kei3FBQFW8gwikpyX7Xw\/apuracao-rj-final.jpg 1x, https:\/\/s2.glbimg.com\/mVDlAGOYrjB377uA1GOr-L_7hto=\/0x0:1400x689\/2688x0\/smart\/filters:strip_icc()\/i.s3.glbimg.com\/v1\/AUTH_59edd422c0c84a879bd37670ae4f538a\/internal_photos\/bs\/2019\/2\/Y\/kei3FBQFW8gwikpyX7Xw\/apuracao-rj-final.jpg 2x\" media=\"(max-width: 1360px)\" data-src=\"https:\/\/s2.glbimg.com\/Sjgm_Y73msWNH48CWhEQqUAS9HE=\/0x0:1400x689\/1344x0\/smart\/filters:strip_icc()\/i.s3.glbimg.com\/v1\/AUTH_59edd422c0c84a879bd37670ae4f538a\/internal_photos\/bs\/2019\/2\/Y\/kei3FBQFW8gwikpyX7Xw\/apuracao-rj-final.jpg 1x, https:\/\/s2.glbimg.com\/mVDlAGOYrjB377uA1GOr-L_7hto=\/0x0:1400x689\/2688x0\/smart\/filters:strip_icc()\/i.s3.glbimg.com\/v1\/AUTH_59edd422c0c84a879bd37670ae4f538a\/internal_photos\/bs\/2019\/2\/Y\/kei3FBQFW8gwikpyX7Xw\/apuracao-rj-final.jpg 2x\" \/><source srcset=\"https:\/\/s2.glbimg.com\/baQuAx9-Jz0L-WAxnfXZs8PMYVA=\/0x0:1400x689\/1600x0\/smart\/filters:strip_icc()\/i.s3.glbimg.com\/v1\/AUTH_59edd422c0c84a879bd37670ae4f538a\/internal_photos\/bs\/2019\/2\/Y\/kei3FBQFW8gwikpyX7Xw\/apuracao-rj-final.jpg 1x, https:\/\/s2.glbimg.com\/b5F6nOXkExfTgMynY0RIQyTuOdo=\/0x0:1400x689\/3200x0\/smart\/filters:strip_icc()\/i.s3.glbimg.com\/v1\/AUTH_59edd422c0c84a879bd37670ae4f538a\/internal_photos\/bs\/2019\/2\/Y\/kei3FBQFW8gwikpyX7Xw\/apuracao-rj-final.jpg 2x\" media=\"(min-width: 1361px)\" data-src=\"https:\/\/s2.glbimg.com\/baQuAx9-Jz0L-WAxnfXZs8PMYVA=\/0x0:1400x689\/1600x0\/smart\/filters:strip_icc()\/i.s3.glbimg.com\/v1\/AUTH_59edd422c0c84a879bd37670ae4f538a\/internal_photos\/bs\/2019\/2\/Y\/kei3FBQFW8gwikpyX7Xw\/apuracao-rj-final.jpg 1x, https:\/\/s2.glbimg.com\/b5F6nOXkExfTgMynY0RIQyTuOdo=\/0x0:1400x689\/3200x0\/smart\/filters:strip_icc()\/i.s3.glbimg.com\/v1\/AUTH_59edd422c0c84a879bd37670ae4f538a\/internal_photos\/bs\/2019\/2\/Y\/kei3FBQFW8gwikpyX7Xw\/apuracao-rj-final.jpg 2x\" \/><source srcset=\"https:\/\/s2.glbimg.com\/uTbkfSfHrfyu-wGQ8wmffmhS_zY=\/0x0:1400x689\/1008x0\/smart\/filters:strip_icc()\/i.s3.glbimg.com\/v1\/AUTH_59edd422c0c84a879bd37670ae4f538a\/internal_photos\/bs\/2019\/2\/Y\/kei3FBQFW8gwikpyX7Xw\/apuracao-rj-final.jpg\" data-src=\"https:\/\/s2.glbimg.com\/uTbkfSfHrfyu-wGQ8wmffmhS_zY=\/0x0:1400x689\/1008x0\/smart\/filters:strip_icc()\/i.s3.glbimg.com\/v1\/AUTH_59edd422c0c84a879bd37670ae4f538a\/internal_photos\/bs\/2019\/2\/Y\/kei3FBQFW8gwikpyX7Xw\/apuracao-rj-final.jpg\" \/><img decoding=\"async\" class=\"image content-media__image progressive-loaded\" title=\"Veja o resultado final do carnaval 2019 do Rio \u2014 Foto: Arte\/G1\" src=\"https:\/\/s2.glbimg.com\/uTbkfSfHrfyu-wGQ8wmffmhS_zY=\/0x0:1400x689\/1008x0\/smart\/filters:strip_icc()\/i.s3.glbimg.com\/v1\/AUTH_59edd422c0c84a879bd37670ae4f538a\/internal_photos\/bs\/2019\/2\/Y\/kei3FBQFW8gwikpyX7Xw\/apuracao-rj-final.jpg\" alt=\"Veja o resultado final do carnaval 2019 do Rio \u2014 Foto: Arte\/G1\" data-src=\"https:\/\/s2.glbimg.com\/uTbkfSfHrfyu-wGQ8wmffmhS_zY=\/0x0:1400x689\/1008x0\/smart\/filters:strip_icc()\/i.s3.glbimg.com\/v1\/AUTH_59edd422c0c84a879bd37670ae4f538a\/internal_photos\/bs\/2019\/2\/Y\/kei3FBQFW8gwikpyX7Xw\/apuracao-rj-final.jpg\" \/><\/picture><\/div>\n<p class=\"content-media__description \">Veja o resultado final do carnaval 2019 do Rio (Foto: Arte\/G1)<\/p>\n<\/div>\n<\/div>\n<div class=\"mc-column content-text active-extra-styles \" data-block-type=\"unstyled\" data-block-weight=\"45\" data-block-id=\"13\">\n<p class=\"content-text__container \" data-track-category=\"Link no Texto\" data-track-links=\"\">&#8220;A gente passou a mensagem que a gente queria, n\u00e3o s\u00f3 pro Brasil, mas para o mundo inteiro, a valoriza\u00e7\u00e3o da nossa ra\u00e7a, os verdadeiros desbravadores deste pa\u00eds&#8221;, comemorou a rainha de bateria Evelyn Bastos, destacando que a escola exaltou a hist\u00f3ria do povo negro.<\/p>\n<\/div>\n<div class=\"mc-column content-text active-extra-styles \" data-block-type=\"unstyled\" data-block-weight=\"30\" data-block-id=\"14\">\n<p class=\"content-text__container \" data-track-category=\"Link no Texto\" data-track-links=\"\">&#8220;Lava a alma. A Mangueira estava esperando esse t\u00edtulo. Foi muita batalha&#8221;, afirmou Alvinho, ex-presidente da escola. &#8220;Fizemos um grande espet\u00e1culo e, semana que vem, se Deus quiser, vamos repetir.&#8221;<\/p>\n<\/div>\n<div class=\"mc-column content-text active-extra-styles \" data-block-type=\"unstyled\" data-block-weight=\"34\" data-block-id=\"17\">\n<p class=\"content-text__container \" data-track-category=\"Link no Texto\" data-track-links=\"\">O carnavalesco Leandro Vieira, que conquistou o segundo campeonato da sua carreira, tamb\u00e9m celebrou a vit\u00f3ria. &#8220;A Mangueira merece esta festa. A Mangueira \u00e9 uma escola que faz carnaval para representar uma comunidade importante.<\/p>\n<\/div>\n<div class=\"mc-column content-text active-extra-styles \" data-block-type=\"unstyled\" data-block-weight=\"51\" data-block-id=\"18\">\n<p class=\"content-text__container \" data-track-category=\"Link no Texto\" data-track-links=\"\">Para Vieira, este foi um &#8220;carnaval de representatividade&#8221;. &#8220;Esses homens e essas mulheres aqui s\u00e3o os her\u00f3is do meu enredo, que merecem sempre ser exaltados. Aqui mora o que tem de melhor nesse pa\u00eds. E o que tem de melhor nesse pa\u00eds faz essa festa que o mundo todo aplaude&#8221;, vibra.<\/p>\n<\/div>\n<div class=\"mc-column content-text active-extra-styles \" data-block-type=\"unstyled\" data-block-weight=\"86\" data-block-id=\"19\">\n<p class=\"content-text__container \" data-track-category=\"Link no Texto\" data-track-links=\"\">&#8220;\u00c9 um recado pol\u00edtico para o pa\u00eds todo, que tem que entender que isso aqui \u00e9 importante. \u00c9 um recado pol\u00edtico tamb\u00e9m para o presidente mostrar que o carnaval \u00e9 isso aqui. O carnaval \u00e9 a festa do povo. O carnaval \u00e9 cultura popular. O carnaval n\u00e3o \u00e9 o que ele acha que \u00e9. O carnaval \u00e9 isso. E ele deveria mostrar para o mundo o carnaval da Mangueira. O carnaval da arte, o carnaval da luta, o carnaval do povo, o carnaval da cultura popular.&#8221;<\/p>\n<\/div>\n<div class=\"mc-column content-media content-video\" data-block-type=\"backstage-video\" data-block-id=\"20\">\n<div class=\"content-media__container content-media__container--loaded\">\n<div class=\"content-video__placeholder\" data-video-id=\"7434969\"><img decoding=\"async\" class=\"content-video__placeholder__thumb\" title=\"Carnavalesco da Mangueira fala sobre o t\u00edtulo da escola\" src=\"https:\/\/s02.video.glbimg.com\/x720\/7434969.jpg\" alt=\"Carnavalesco da Mangueira fala sobre o t\u00edtulo da escola\" \/><\/div>\n<\/div>\n<p class=\"content-media__description\">Carnavalesco da Mangueira fala sobre o t\u00edtulo da escola<\/p>\n<\/div>\n<div class=\"row medium-uncollapsed content-media content-photo\" data-block-type=\"backstage-photo\" data-block-id=\"21\">\n<div class=\"mc-column content-media__container\">\n<div class=\"progressive-img can-open-lightbox\" data-min-size=\"1008x1588\" data-min-size-url=\"https:\/\/s2.glbimg.com\/WsB4BL0zPiT7IhuM0_ItyP9Ybnw=\/0x0:1600x2521\/1008x0\/smart\/filters:strip_icc()\/i.s3.glbimg.com\/v1\/AUTH_59edd422c0c84a879bd37670ae4f538a\/internal_photos\/bs\/2019\/x\/6\/Pn7AxYSoijBB5k2vBIUw\/apuracao-simples-rj.png\" data-max-size=\"1600x2521\" data-max-size-url=\"https:\/\/s2.glbimg.com\/mvYjqDKKmTY-wH87rR2hX5xBDkA=\/0x0:1600x2521\/1600x0\/smart\/filters:strip_icc()\/i.s3.glbimg.com\/v1\/AUTH_59edd422c0c84a879bd37670ae4f538a\/internal_photos\/bs\/2019\/x\/6\/Pn7AxYSoijBB5k2vBIUw\/apuracao-simples-rj.png\" data-media-index=\"5\">\u00a0<\/div>\n<\/div>\n<\/div>\n","protected":false},"excerpt":{"rendered":"<p>A Mangueira \u00e9 a grande campe\u00e3 do carnaval 2019 do Rio de Janeiro.\u00a0A Imperatriz Leopoldinense&#8230;<\/p>\n","protected":false},"author":1,"featured_media":28935,"comment_status":"closed","ping_status":"closed","sticky":false,"template":"","format":"standard","meta":{"footnotes":""},"categories":[112,8],"tags":[],"class_list":["post-28933","post","type-post","status-publish","format-standard","has-post-thumbnail","hentry","category-carnaval-2019","category-destaque"],"_links":{"self":[{"href":"https:\/\/www.corumbaonline.com.br\/news\/wp-json\/wp\/v2\/posts\/28933","targetHints":{"allow":["GET"]}}],"collection":[{"href":"https:\/\/www.corumbaonline.com.br\/news\/wp-json\/wp\/v2\/posts"}],"about":[{"href":"https:\/\/www.corumbaonline.com.br\/news\/wp-json\/wp\/v2\/types\/post"}],"author":[{"embeddable":true,"href":"https:\/\/www.corumbaonline.com.br\/news\/wp-json\/wp\/v2\/users\/1"}],"replies":[{"embeddable":true,"href":"https:\/\/www.corumbaonline.com.br\/news\/wp-json\/wp\/v2\/comments?post=28933"}],"version-history":[{"count":1,"href":"https:\/\/www.corumbaonline.com.br\/news\/wp-json\/wp\/v2\/posts\/28933\/revisions"}],"predecessor-version":[{"id":28934,"href":"https:\/\/www.corumbaonline.com.br\/news\/wp-json\/wp\/v2\/posts\/28933\/revisions\/28934"}],"wp:featuredmedia":[{"embeddable":true,"href":"https:\/\/www.corumbaonline.com.br\/news\/wp-json\/wp\/v2\/media\/28935"}],"wp:attachment":[{"href":"https:\/\/www.corumbaonline.com.br\/news\/wp-json\/wp\/v2\/media?parent=28933"}],"wp:term":[{"taxonomy":"category","embeddable":true,"href":"https:\/\/www.corumbaonline.com.br\/news\/wp-json\/wp\/v2\/categories?post=28933"},{"taxonomy":"post_tag","embeddable":true,"href":"https:\/\/www.corumbaonline.com.br\/news\/wp-json\/wp\/v2\/tags?post=28933"}],"curies":[{"name":"wp","href":"https:\/\/api.w.org\/{rel}","templated":true}]}}