{"id":28950,"date":"2019-03-06T19:50:52","date_gmt":"2019-03-06T23:50:52","guid":{"rendered":"http:\/\/www.corumbaonline.com.br\/news\/?p=28950"},"modified":"2019-03-06T20:27:35","modified_gmt":"2019-03-07T00:27:35","slug":"com-homenagem-a-sao-jorge-a-pesada-e-campea-do-carnaval-de-corumba","status":"publish","type":"post","link":"https:\/\/www.corumbaonline.com.br\/news\/com-homenagem-a-sao-jorge-a-pesada-e-campea-do-carnaval-de-corumba\/","title":{"rendered":"Com homenagem a S\u00e3o Jorge, A Pesada \u00e9 campe\u00e3 do Carnaval de Corumb\u00e1"},"content":{"rendered":"<p>A Pesada \u00e9 a grande campe\u00e3 do Carnaval 2019 de Corumb\u00e1. A escola de samba perdeu apenas quatro d\u00e9cimos dos quesitos avaliados pela comiss\u00e3o julgadora (ala das baianas; mestre sala e porta bandeiras; comiss\u00e3o de frente; alegoria; fantasia; enredo; harmonia e evolu\u00e7\u00e3o; samba enredo; e bateria) e somou 179,6 pontos, ficando 1,2 ponto \u00e0 frente da Mocidade Independente da Nova Corumb\u00e1, segunda colocada. Na terceira coloca\u00e7\u00e3o ficou a Esta\u00e7\u00e3o Primeira, com 177,4 pontos.<\/p>\n<p>O diretor-presidente da Funda\u00e7\u00e3o da Cultura e do Patrim\u00f4nio Hist\u00f3rico de Corumb\u00e1, Joilson Cruz, entregou o trof\u00e9u ao presidente da Pesada, Ney Colombo. \u00a0Joilson, que representou o prefeito Marcelo Iunes, parabenizou a agremia\u00e7\u00e3o pelo resultado e voltou a destacar a import\u00e2ncia da festa para a cultura e a economia de Corumb\u00e1.<\/p>\n<p>O secret\u00e1rio especial de Seguran\u00e7a P\u00fablica e Defesa Social, Cesar Freitas Duarte, entregou a ta\u00e7a de campe\u00e3 \u00e0 Mocidade, quanto o presidente da Liga Independente das Escolas de Samba de Corumb\u00e1 (LIESCO), premiou a Esta\u00e7\u00e3o Primeira.<\/p>\n<p>Apresenta\u00e7\u00e3o<\/p>\n<p>Terceira a desfilar a Escola de Samba A Pesada apresentou o enredo \u201cS\u00e3o Jorge, o Santo Guerreiro da F\u00e9\u201d. Os 900 componentes da agremia\u00e7\u00e3o usaram a express\u00e3o da religiosidade com o objetivo de mostrar que o carnaval \u00e9 uma manifesta\u00e7\u00e3o cultural e n\u00e3o o culto a uma religi\u00e3o espec\u00edfica. O carnaval, cantou A Pesada, \u00e9 simplesmente pura express\u00e3o cultural.<\/p>\n<p>Comiss\u00e3o de Frente foi composta por dez integrantes representando \u201cOs Mensageiros da F\u00e9\u201d. Os dez mensageiros portavam nas m\u00e3os o cajado em dourado, como s\u00edmbolo de autoridade e poder e o livro que representa o maior legado ao homem que \u00e9 a palavra do Senhor. Comiss\u00e3o conduziu um trip\u00e9 para suporte dos cajados.<\/p>\n<p>Mestre-Sala e Porta-Bandeira representaram \u2018A Cruz Sagrada\u2019, s\u00edmbolo do Cristianismo. O Mestre-Sala conduziu o s\u00edmbolo sagrado da f\u00e9 crist\u00e3 e a Porta-Bandeira o pavilh\u00e3o que \u00e9 o \u201cs\u00edmbolo sagrado\u201d da A Pesada.<\/p>\n<p>Primeira ala representou o \u2018Trigo\u2019 cereal\u00a0 de onde se fabrica o p\u00e3o que \u00e9 o s\u00edmbolo sagrado dos crist\u00e3os, (o Corpo de Cristo), alimento da \u00faltima ceia do Senhor, com os ap\u00f3stolos. Ala seguinte mostrou \u201cColetores de Uvas\u201d, que \u00e9 a fruta a partir da qual se fabrica o vinho, s\u00edmbolo Sagrado dos crist\u00e3os, (O Sangue de Cristo), usado na \u00faltima ceia do Senhor com Os Ap\u00f3stolos.<\/p>\n<p>Carro Abre-Alas \u201cO Cristianismo, fam\u00edlia de Jorge da Capad\u00f3cia e o Tribuno Militar Jorge, desfilou exibindo esculturas representando dois anjos \u201cos anunciadores\u201d. Ao centro a escultura do Le\u00e3o de Jud\u00e1, representando Jesus Cristo o Rei; Jesus \u00e9 chamado o le\u00e3o da tribo de Jud\u00e1 porque ele \u00e9 o rei e sua fam\u00edlia era da tribo de Jud\u00e1. Deus tinha prometido que o salvador viria de Jud\u00e1. O le\u00e3o representa a for\u00e7a e o poder, tudo isto influenciou a f\u00e9 de Jorge da Capad\u00f3cia.<\/p>\n<p>Carro trouxe Nei Colombo, presidente da \u201cA Pesada\u201d, representando Ger\u00f4ncio, pai de S\u00e3o Jorge, que faleceu em combate, e dona Julieta, esposa do senhor Nei, representando \u201cPolicr\u00f4mia\u201d a m\u00e3e S\u00e3o Jorge e uma crian\u00e7a representando o menino Jorge ainda crian\u00e7a.<\/p>\n<p>Ritmistas da Bateria representaram o Ex\u00e9rcito Romano. Jorge entrou para o ex\u00e9rcito romano por ser o que mais satisfazia \u00e0 sua natural \u00edndole combativa.\u00a0 Ala Conde da Capad\u00f3cia mostrou o t\u00edtulo dado a S\u00e3o Jorge, que passou a ser capit\u00e3o do ex\u00e9rcito e foi agraciado por sua dedica\u00e7\u00e3o ao imperador romano Diocleciano.<\/p>\n<p>Segundo carro aleg\u00f3rico \u00e9 \u201cJorge prova sua f\u00e9\u201d. Alegoria contou os tempos de escurid\u00e3o e sofrimento, sete anos de calv\u00e1rio que S\u00e3o Jorge passou\u00a0 por n\u00e3o ter recusado sua f\u00e9 no cristianismo. Trouxe escultura do \u201cLobo\u201d que representa \u201cO Mal\u201d. Como destaque Apolo, o Deus romano cuja est\u00e1tua S\u00e3o Jorge fez ruir. Desfile ainda mencionou momentos de tormento e mart\u00edrio do santo durante seu per\u00edodo de calv\u00e1rio.<\/p>\n<p>Ala Escolas de Samba representou as escolas de samba que tem s\u00e3o Jorge como padroeiro oficial. Foi seguida pela ala Corinthians Paulista, clube que tem S\u00e3o Jorge como seu patrono. Terceiro carro aleg\u00f3rico lembrou a Inglaterra, primeiro pa\u00eds a considerar S\u00e3o Jorge como Patrono. Com escultura de quatro perus, fez refer\u00eancia ao sacrif\u00edcio de S\u00e3o Jorge, que n\u00e3o foi em v\u00e3o pois ele se doou por n\u00f3s. Sua pena simboliza sorte, prote\u00e7\u00e3o, fecundidade, clarivid\u00eancia, fantasia, justi\u00e7a, poder, pensamento, a Lua.<\/p>\n<p>Ala \u2018A cruz de S\u00e3o Jorge\u2019 representou os soldados da primeira cruzada. Ingleses que traziam em sua farda a Cruz Vermelha de S\u00e3o Jorge, por Ordem do Rei da Inglaterra.Ala \u2018Espada de S\u00e3o Jorge\u2019 simbolizou a \u201cespada\u201d protetora, quebradora de demandas e defensora de quem nela tem f\u00e9. Invoca\u00e7\u00e3o do santo guerreiro esteve presente na ala \u2018Estrela de S\u00e3o Jorge\u2019.<\/p>\n<p>Desfile contou com carro \u2018A lenda que consagra S\u00e3o Jorge\u2019, na incessante luta do bem contra o mal. Alegoria apresentou a escultura do Cavalo Branco, S\u00e3o Jorge na montaria e dois drag\u00f5es. Contou tamb\u00e9m como destaque o rei D. Jo\u00e3o e Dona Maria cat\u00f3licos, que reinavam em Portugal na \u00e9poca do descobrimento.<\/p>\n<p>Sequ\u00eancia final da escola de samba trouxe o carro \u2018Europeus em Terra Brasilis\u2019, o Sincretismo\u2019, como representa\u00e7\u00e3o da chegada ao Brasil dos europeus cat\u00f3licos e o encontro com os ind\u00edgenas e suas cren\u00e7as. Desfile ainda contou no final com alas Tempero de Ogum, Ogans; Crian\u00e7as e M\u00e3es de Santo.<\/p>\n","protected":false},"excerpt":{"rendered":"<p>A Pesada \u00e9 a grande campe\u00e3 do Carnaval 2019 de Corumb\u00e1. A escola de samba&#8230;<\/p>\n","protected":false},"author":1,"featured_media":28952,"comment_status":"closed","ping_status":"closed","sticky":false,"template":"","format":"standard","meta":{"footnotes":""},"categories":[112],"tags":[],"class_list":["post-28950","post","type-post","status-publish","format-standard","has-post-thumbnail","hentry","category-carnaval-2019"],"_links":{"self":[{"href":"https:\/\/www.corumbaonline.com.br\/news\/wp-json\/wp\/v2\/posts\/28950","targetHints":{"allow":["GET"]}}],"collection":[{"href":"https:\/\/www.corumbaonline.com.br\/news\/wp-json\/wp\/v2\/posts"}],"about":[{"href":"https:\/\/www.corumbaonline.com.br\/news\/wp-json\/wp\/v2\/types\/post"}],"author":[{"embeddable":true,"href":"https:\/\/www.corumbaonline.com.br\/news\/wp-json\/wp\/v2\/users\/1"}],"replies":[{"embeddable":true,"href":"https:\/\/www.corumbaonline.com.br\/news\/wp-json\/wp\/v2\/comments?post=28950"}],"version-history":[{"count":1,"href":"https:\/\/www.corumbaonline.com.br\/news\/wp-json\/wp\/v2\/posts\/28950\/revisions"}],"predecessor-version":[{"id":28951,"href":"https:\/\/www.corumbaonline.com.br\/news\/wp-json\/wp\/v2\/posts\/28950\/revisions\/28951"}],"wp:featuredmedia":[{"embeddable":true,"href":"https:\/\/www.corumbaonline.com.br\/news\/wp-json\/wp\/v2\/media\/28952"}],"wp:attachment":[{"href":"https:\/\/www.corumbaonline.com.br\/news\/wp-json\/wp\/v2\/media?parent=28950"}],"wp:term":[{"taxonomy":"category","embeddable":true,"href":"https:\/\/www.corumbaonline.com.br\/news\/wp-json\/wp\/v2\/categories?post=28950"},{"taxonomy":"post_tag","embeddable":true,"href":"https:\/\/www.corumbaonline.com.br\/news\/wp-json\/wp\/v2\/tags?post=28950"}],"curies":[{"name":"wp","href":"https:\/\/api.w.org\/{rel}","templated":true}]}}