{"id":28956,"date":"2019-03-07T08:17:29","date_gmt":"2019-03-07T12:17:29","guid":{"rendered":"http:\/\/www.corumbaonline.com.br\/news\/?p=28956"},"modified":"2019-03-07T07:20:18","modified_gmt":"2019-03-07T11:20:18","slug":"e-um-recado-politico-para-o-presidente-bolsonaro-diz-carnavalesco-da-mangueira","status":"publish","type":"post","link":"https:\/\/www.corumbaonline.com.br\/news\/e-um-recado-politico-para-o-presidente-bolsonaro-diz-carnavalesco-da-mangueira\/","title":{"rendered":"\u2018\u00c9 um recado pol\u00edtico para o presidente Bolsonaro\u2019, diz carnavalesco da Mangueira"},"content":{"rendered":"<p>O carnavalesco da Mangueira, Leandro Vieira, fez um desabafo ap\u00f3s a escola conquistar o t\u00edtulo de campe\u00e3 do Grupo Especial. Numa alus\u00e3o ao tu\u00edte do presidente Jair Bolsonaro com imagens obscenas e cr\u00edticas ao carnaval, Leandro falou: \u201cEste \u00e9 um recado pol\u00edtico para o presidente Bolsonaro. Isso daqui \u00e9 a festa do povo, carnaval \u00e9 a festa do povo , n\u00e3o o que ele acha que \u00e9. O carnaval da Mangueira \u00e9 o carnaval do povo, da arte, da cultura popular!\u201d.<\/p>\n<p>Leandro prosseguiu: \u201cA Mangueira merece essa festa, faz carnaval, representa uma comunidade importante, um carnaval de representatividade. Esses homens e essas mulheres aqui s\u00e3o os her\u00f3is do meu enredo que merecem sempre ser exaltados. Aqui mora o que h\u00e1 de melhor nesse pa\u00eds, e o que h\u00e1 de melhor nesse pa\u00eds o mundo todo aplaude. Aqui todo mundo t\u00e1 vivo porque resiste, porque se fosse por outros motivos ningu\u00e9m aqui tava em casa.\u201d<\/p>\n","protected":false},"excerpt":{"rendered":"<p>O carnavalesco da Mangueira, Leandro Vieira, fez um desabafo ap\u00f3s a escola conquistar o t\u00edtulo&#8230;<\/p>\n","protected":false},"author":1,"featured_media":0,"comment_status":"closed","ping_status":"closed","sticky":false,"template":"","format":"standard","meta":{"footnotes":""},"categories":[112],"tags":[],"class_list":["post-28956","post","type-post","status-publish","format-standard","hentry","category-carnaval-2019"],"_links":{"self":[{"href":"https:\/\/www.corumbaonline.com.br\/news\/wp-json\/wp\/v2\/posts\/28956","targetHints":{"allow":["GET"]}}],"collection":[{"href":"https:\/\/www.corumbaonline.com.br\/news\/wp-json\/wp\/v2\/posts"}],"about":[{"href":"https:\/\/www.corumbaonline.com.br\/news\/wp-json\/wp\/v2\/types\/post"}],"author":[{"embeddable":true,"href":"https:\/\/www.corumbaonline.com.br\/news\/wp-json\/wp\/v2\/users\/1"}],"replies":[{"embeddable":true,"href":"https:\/\/www.corumbaonline.com.br\/news\/wp-json\/wp\/v2\/comments?post=28956"}],"version-history":[{"count":1,"href":"https:\/\/www.corumbaonline.com.br\/news\/wp-json\/wp\/v2\/posts\/28956\/revisions"}],"predecessor-version":[{"id":28958,"href":"https:\/\/www.corumbaonline.com.br\/news\/wp-json\/wp\/v2\/posts\/28956\/revisions\/28958"}],"wp:attachment":[{"href":"https:\/\/www.corumbaonline.com.br\/news\/wp-json\/wp\/v2\/media?parent=28956"}],"wp:term":[{"taxonomy":"category","embeddable":true,"href":"https:\/\/www.corumbaonline.com.br\/news\/wp-json\/wp\/v2\/categories?post=28956"},{"taxonomy":"post_tag","embeddable":true,"href":"https:\/\/www.corumbaonline.com.br\/news\/wp-json\/wp\/v2\/tags?post=28956"}],"curies":[{"name":"wp","href":"https:\/\/api.w.org\/{rel}","templated":true}]}}