{"id":29015,"date":"2019-03-08T08:35:58","date_gmt":"2019-03-08T12:35:58","guid":{"rendered":"http:\/\/www.corumbaonline.com.br\/news\/?p=29015"},"modified":"2019-03-08T09:02:13","modified_gmt":"2019-03-08T13:02:13","slug":"mais-de-80-dos-turistas-aprovam-atrativos-gastronomia-e-seguranca-publica-de-ms","status":"publish","type":"post","link":"https:\/\/www.corumbaonline.com.br\/news\/mais-de-80-dos-turistas-aprovam-atrativos-gastronomia-e-seguranca-publica-de-ms\/","title":{"rendered":"Mais de 80% dos turistas aprovam atrativos, gastronomia e seguran\u00e7a p\u00fablica de MS"},"content":{"rendered":"<p>Quem conhece Mato Grosso do Sul se apaixona. Mais de 80% dos turistas que v\u00eam ao Estado aprovam os atrativos tur\u00edsticos, a gastronomia e a seguran\u00e7a p\u00fablica do Estado. Os n\u00fameros fazem parte\u00a0<a href=\"http:\/\/www.observatorioturismo.ms.gov.br\/wp-content\/uploads\/si\" target=\"_blank\" rel=\"noopener\">da quarta edi\u00e7\u00e3o do boletim do Observat\u00f3rio do Turismo de Mato Grosso do Sul<\/a>, que entrevistou turistas no aeroporto Internacional de Campo Grande nos meses de outubro a dezembro de 2018.<\/p>\n<p>Classificaram a gastronomia de Mato Grosso do Sul como boa ou \u00f3tima 82,9% dos entrevistados. N\u00e3o \u00e9 por menos. \u00c9 imposs\u00edvel n\u00e3o se encantar com o card\u00e1pio variado e o tempero regional, influenciado por migrantes de v\u00e1rios estados e pelos imigrantes paraguaios, bolivianos, libaneses e japoneses, entre outros.<\/p>\n<p>Chipa, sopa paraguaia, terer\u00e9, peixe \u00e0 pantaneira assado na telha, arroz com guariroba, arroz com pequi, churrasco com mandioca, a famosa lingui\u00e7a de Maracaju, leit\u00e3o no rolete e o sob\u00e1 s\u00e3o apenas alguns exemplos.<\/p>\n<div id=\"gallery-1\" class=\"gallery galleryid-250266 gallery-columns-4 gallery-size-full\">\n<dl class=\"gallery-item\">\n<dt class=\"gallery-icon landscape\"><a href=\"http:\/\/www.ms.gov.br\/mais-de-80-dos-turistas-aprovam-atrativos-gastronomia-e-seguranca-publica-de-ms\/abertura-do-festival-do-soba-fotos-edemir-rodrigues-14-2\/\"><img loading=\"lazy\" decoding=\"async\" class=\"attachment-full size-full\" src=\"http:\/\/www.ms.gov.br\/wp-content\/uploads\/sites\/150\/2019\/03\/Abertura-do-Festival-do-Sob%C3%A1-Fotos-Edemir-Rodrigues-14.jpg\" sizes=\"auto, (max-width: 2000px) 100vw, 2000px\" srcset=\"http:\/\/www.ms.gov.br\/wp-content\/uploads\/sites\/150\/2019\/03\/Abertura-do-Festival-do-Sob\u00e1-Fotos-Edemir-Rodrigues-14.jpg 2000w, http:\/\/www.ms.gov.br\/wp-content\/uploads\/sites\/150\/2019\/03\/Abertura-do-Festival-do-Sob\u00e1-Fotos-Edemir-Rodrigues-14-300x166.jpg 300w, http:\/\/www.ms.gov.br\/wp-content\/uploads\/sites\/150\/2019\/03\/Abertura-do-Festival-do-Sob\u00e1-Fotos-Edemir-Rodrigues-14-768x425.jpg 768w, http:\/\/www.ms.gov.br\/wp-content\/uploads\/sites\/150\/2019\/03\/Abertura-do-Festival-do-Sob\u00e1-Fotos-Edemir-Rodrigues-14-1024x567.jpg 1024w\" alt=\"\" width=\"2000\" height=\"1107\" aria-describedby=\"gallery-1-250268\" \/><\/a><\/dt>\n<dd id=\"gallery-1-250268\" class=\"wp-caption-text gallery-caption\">Festival do Sob\u00e1.<\/dd>\n<\/dl>\n<dl class=\"gallery-item\">\n<dt class=\"gallery-icon landscape\"><a href=\"http:\/\/www.ms.gov.br\/mais-de-80-dos-turistas-aprovam-atrativos-gastronomia-e-seguranca-publica-de-ms\/abertura-do-festival-do-soba-fotos-edemir-rodrigues-18-2\/\"><img loading=\"lazy\" decoding=\"async\" class=\"attachment-full size-full\" src=\"http:\/\/www.ms.gov.br\/wp-content\/uploads\/sites\/150\/2019\/03\/Abertura-do-Festival-do-Sob%C3%A1-Fotos-Edemir-Rodrigues-18.jpg\" sizes=\"auto, (max-width: 2000px) 100vw, 2000px\" srcset=\"http:\/\/www.ms.gov.br\/wp-content\/uploads\/sites\/150\/2019\/03\/Abertura-do-Festival-do-Sob\u00e1-Fotos-Edemir-Rodrigues-18.jpg 2000w, http:\/\/www.ms.gov.br\/wp-content\/uploads\/sites\/150\/2019\/03\/Abertura-do-Festival-do-Sob\u00e1-Fotos-Edemir-Rodrigues-18-300x166.jpg 300w, http:\/\/www.ms.gov.br\/wp-content\/uploads\/sites\/150\/2019\/03\/Abertura-do-Festival-do-Sob\u00e1-Fotos-Edemir-Rodrigues-18-768x425.jpg 768w, http:\/\/www.ms.gov.br\/wp-content\/uploads\/sites\/150\/2019\/03\/Abertura-do-Festival-do-Sob\u00e1-Fotos-Edemir-Rodrigues-18-1024x567.jpg 1024w\" alt=\"\" width=\"2000\" height=\"1107\" aria-describedby=\"gallery-1-250269\" \/><\/a><\/dt>\n<dd id=\"gallery-1-250269\" class=\"wp-caption-text gallery-caption\">Sob\u00e1.<\/dd>\n<\/dl>\n<dl class=\"gallery-item\">\n<dt class=\"gallery-icon landscape\"><a href=\"http:\/\/www.ms.gov.br\/mais-de-80-dos-turistas-aprovam-atrativos-gastronomia-e-seguranca-publica-de-ms\/leitao-no-rolete-foto-edemir-rodrigues\/\"><img loading=\"lazy\" decoding=\"async\" class=\"attachment-full size-full\" src=\"http:\/\/www.ms.gov.br\/wp-content\/uploads\/sites\/150\/2019\/03\/Leit%C3%A3o-no-Rolete-Foto-Edemir-Rodrigues.jpg\" sizes=\"auto, (max-width: 2000px) 100vw, 2000px\" srcset=\"http:\/\/www.ms.gov.br\/wp-content\/uploads\/sites\/150\/2019\/03\/Leit\u00e3o-no-Rolete-Foto-Edemir-Rodrigues.jpg 2000w, http:\/\/www.ms.gov.br\/wp-content\/uploads\/sites\/150\/2019\/03\/Leit\u00e3o-no-Rolete-Foto-Edemir-Rodrigues-300x166.jpg 300w, http:\/\/www.ms.gov.br\/wp-content\/uploads\/sites\/150\/2019\/03\/Leit\u00e3o-no-Rolete-Foto-Edemir-Rodrigues-768x425.jpg 768w, http:\/\/www.ms.gov.br\/wp-content\/uploads\/sites\/150\/2019\/03\/Leit\u00e3o-no-Rolete-Foto-Edemir-Rodrigues-1024x567.jpg 1024w\" alt=\"\" width=\"2000\" height=\"1107\" aria-describedby=\"gallery-1-250271\" \/><\/a><\/dt>\n<dd id=\"gallery-1-250271\" class=\"wp-caption-text gallery-caption\">Porco no Rolete.<\/dd>\n<\/dl>\n<dl class=\"gallery-item\">\n<dt class=\"gallery-icon landscape\"><a href=\"http:\/\/www.ms.gov.br\/mais-de-80-dos-turistas-aprovam-atrativos-gastronomia-e-seguranca-publica-de-ms\/governador_pastel1\/\"><img loading=\"lazy\" decoding=\"async\" class=\"attachment-full size-full\" src=\"http:\/\/www.ms.gov.br\/wp-content\/uploads\/sites\/150\/2019\/03\/governador_pastel1.jpg\" sizes=\"auto, (max-width: 2000px) 100vw, 2000px\" srcset=\"http:\/\/www.ms.gov.br\/wp-content\/uploads\/sites\/150\/2019\/03\/governador_pastel1.jpg 2000w, http:\/\/www.ms.gov.br\/wp-content\/uploads\/sites\/150\/2019\/03\/governador_pastel1-300x166.jpg 300w, http:\/\/www.ms.gov.br\/wp-content\/uploads\/sites\/150\/2019\/03\/governador_pastel1-768x425.jpg 768w, http:\/\/www.ms.gov.br\/wp-content\/uploads\/sites\/150\/2019\/03\/governador_pastel1-1024x567.jpg 1024w\" alt=\"\" width=\"2000\" height=\"1107\" aria-describedby=\"gallery-1-250284\" \/><\/a><\/dt>\n<dd id=\"gallery-1-250284\" class=\"wp-caption-text gallery-caption\">Pastel de jacar\u00e9.<\/dd>\n<\/dl>\n<\/div>\n<p><strong>Passeios inesquec\u00edveis<\/strong><\/p>\n<p>Os atrativos tur\u00edsticos tamb\u00e9m s\u00e3o um espet\u00e1culo \u00e0 parte e mereceram a aprova\u00e7\u00e3o de 81,5% dos turistas. Entre os mais conhecidos e visitados est\u00e3o: Gruta do Lago Azul, rio da Prata e Balne\u00e1rio Municipal, em Bonito; Buraco das Araras, em Jardim; Boca da On\u00e7a, na Serra da Bodoquena; e o Pantanal \u2013 a maior plan\u00edcie de inunda\u00e7\u00e3o cont\u00ednua do mundo.<\/p>\n<p>Para chegar a esses destinos, turistas passam por rodovias que receberam investimento do Governo do Estado. Obra inacabada por gest\u00f5es anteriores, a Estrada do Cur\u00e9 \u2013 trecho da MS-178, que liga dois importantes destinos (Bonito e Jardim) \u2013 foi conclu\u00edda e entregue pelo governador Reinaldo Azambuja em 2018. S\u00e3o 17 quil\u00f4metros de asfalto novo, que vai do aeroporto de Bonito \u00e0 transposi\u00e7\u00e3o do rio da Prata.<\/p>\n<p>Por ser um dos principais destinos de ecoturismo do mundo, Bonito recebeu uma aten\u00e7\u00e3o especial do Governo do Estado nos \u00faltimos quatro anos. O Boletim de Dados Tur\u00edsticos de Mato Grosso do Sul revela que o munic\u00edpio \u00e9 o principal destino de quem desembarca no Aeroporto Internacional de Campo Grande. Quarenta e cinco por cento dos turistas que desembarcam na Capital v\u00e3o para l\u00e1.<\/p>\n<p>Al\u00e9m do investimento na Estrada do Cur\u00e9, o Governo do Estado revitalizou os 14 de quil\u00f4metros da MS-178, que v\u00e3o do aeroporto \u00e0 entrada da cidade. Junto com o asfalto novo, moradores e turistas ganharam ciclovia e pista de caminhada at\u00e9 o Balne\u00e1rio Municipal. A lista de investimentos na cidade conta ainda com outras obras de infraestrutura, saneamento e habita\u00e7\u00e3o e, na \u00e1rea cultural, com o famoso Festival de Bonito.<\/p>\n<p><strong>Seguran\u00e7a p\u00fablica<\/strong><\/p>\n<p><img loading=\"lazy\" decoding=\"async\" class=\"aligncenter wp-image-249612 size-full\" src=\"http:\/\/www.ms.gov.br\/wp-content\/uploads\/sites\/150\/2019\/02\/Seguran%C3%A7a-Foto-Edemir-Rodrigues-21.jpg\" sizes=\"auto, (max-width: 5184px) 100vw, 5184px\" srcset=\"http:\/\/www.ms.gov.br\/wp-content\/uploads\/sites\/150\/2019\/02\/Seguran\u00e7a-Foto-Edemir-Rodrigues-21.jpg 5184w, http:\/\/www.ms.gov.br\/wp-content\/uploads\/sites\/150\/2019\/02\/Seguran\u00e7a-Foto-Edemir-Rodrigues-21-300x176.jpg 300w, http:\/\/www.ms.gov.br\/wp-content\/uploads\/sites\/150\/2019\/02\/Seguran\u00e7a-Foto-Edemir-Rodrigues-21-768x452.jpg 768w, http:\/\/www.ms.gov.br\/wp-content\/uploads\/sites\/150\/2019\/02\/Seguran\u00e7a-Foto-Edemir-Rodrigues-21-1024x602.jpg 1024w\" alt=\"\" width=\"5184\" height=\"3048\" \/><\/p>\n<p>E a seguran\u00e7a p\u00fablica foi considerada \u00f3tima ou boa por 80,3%. \u00c9 mais um sinal de que o investimento em armas, ve\u00edculos, equipamentos e treinamentos e o uso da intelig\u00eancia integrada das for\u00e7as de seguran\u00e7a deram resultado.<\/p>\n<p>Mesmo diante da maior crise financeira da hist\u00f3ria do Brasil, o Governo do Estado investiu mais de R$ 120 milh\u00f5es por meio do programa MS Mais Seguro, implantou videomonitoramento na fronteira, fez mais de sete mil promo\u00e7\u00f5es, nomeou mais de 1,7 mil agentes de seguran\u00e7a, adquiriu 740 viaturas e colocou delegados de pol\u00edcia em todas as delegacias.<\/p>\n<p>Recentemente, o\u00a0<a href=\"http:\/\/www.ms.gov.br\/crimes-violentos-em-mato-grosso-do-sul-tem-queda-de-141-em-2018\/\" target=\"_blank\" rel=\"noopener\">Monitor da Viol\u00eancia<\/a>, uma parceria do G1 com o N\u00facleo de Estudos da Viol\u00eancia da USP e o F\u00f3rum Brasileiro de Seguran\u00e7a P\u00fablica, mostrou que houve uma queda de 14,1% nos crimes violentos em Mato Grosso do Sul no ano de 2018. Enquanto em 2017, Mato Grosso do Sul teve 560 v\u00edtimas de crimes violentos, no ano passado foram 481.<\/p>\n","protected":false},"excerpt":{"rendered":"<p>Quem conhece Mato Grosso do Sul se apaixona. Mais de 80% dos turistas que v\u00eam&#8230;<\/p>\n","protected":false},"author":1,"featured_media":29016,"comment_status":"closed","ping_status":"closed","sticky":false,"template":"","format":"standard","meta":{"footnotes":""},"categories":[23],"tags":[],"class_list":["post-29015","post","type-post","status-publish","format-standard","has-post-thumbnail","hentry","category-turismo"],"_links":{"self":[{"href":"https:\/\/www.corumbaonline.com.br\/news\/wp-json\/wp\/v2\/posts\/29015","targetHints":{"allow":["GET"]}}],"collection":[{"href":"https:\/\/www.corumbaonline.com.br\/news\/wp-json\/wp\/v2\/posts"}],"about":[{"href":"https:\/\/www.corumbaonline.com.br\/news\/wp-json\/wp\/v2\/types\/post"}],"author":[{"embeddable":true,"href":"https:\/\/www.corumbaonline.com.br\/news\/wp-json\/wp\/v2\/users\/1"}],"replies":[{"embeddable":true,"href":"https:\/\/www.corumbaonline.com.br\/news\/wp-json\/wp\/v2\/comments?post=29015"}],"version-history":[{"count":1,"href":"https:\/\/www.corumbaonline.com.br\/news\/wp-json\/wp\/v2\/posts\/29015\/revisions"}],"predecessor-version":[{"id":29017,"href":"https:\/\/www.corumbaonline.com.br\/news\/wp-json\/wp\/v2\/posts\/29015\/revisions\/29017"}],"wp:featuredmedia":[{"embeddable":true,"href":"https:\/\/www.corumbaonline.com.br\/news\/wp-json\/wp\/v2\/media\/29016"}],"wp:attachment":[{"href":"https:\/\/www.corumbaonline.com.br\/news\/wp-json\/wp\/v2\/media?parent=29015"}],"wp:term":[{"taxonomy":"category","embeddable":true,"href":"https:\/\/www.corumbaonline.com.br\/news\/wp-json\/wp\/v2\/categories?post=29015"},{"taxonomy":"post_tag","embeddable":true,"href":"https:\/\/www.corumbaonline.com.br\/news\/wp-json\/wp\/v2\/tags?post=29015"}],"curies":[{"name":"wp","href":"https:\/\/api.w.org\/{rel}","templated":true}]}}