{"id":29221,"date":"2019-03-15T08:05:02","date_gmt":"2019-03-15T12:05:02","guid":{"rendered":"http:\/\/www.corumbaonline.com.br\/news\/?p=29221"},"modified":"2019-03-15T08:55:38","modified_gmt":"2019-03-15T12:55:38","slug":"ataques-a-duas-mesquitas-na-nova-zelandia-deixam-mortos-e-feridos","status":"publish","type":"post","link":"https:\/\/www.corumbaonline.com.br\/news\/ataques-a-duas-mesquitas-na-nova-zelandia-deixam-mortos-e-feridos\/","title":{"rendered":"Ataques a duas mesquitas na Nova Zel\u00e2ndia deixam mortos e feridos"},"content":{"rendered":"<p>Ataques simult\u00e2neos a duas mesquitas na cidade de Christchurch, no sul da Nova Zel\u00e2ndia, deixaram pelo menos 49 mortos e 48 feridos. Autoridades classificaram o crime como ataque terrorista de extrema direita. Um dos ataques foi transmitido ao vivo nos canais de m\u00eddia social, de acordo com as autoridades.<\/p>\n<p>Pelo menos 48 pessoas, incluindo crian\u00e7as, est\u00e3o em hospitais em decorr\u00eancia de ferimentos a bala. A pol\u00edcia pediu o fechamento de mesquitas na Nova Zel\u00e2ndia.<\/p>\n<p>Quatro suspeitos est\u00e3o sob cust\u00f3dia, segundo a pol\u00edcia. Um deles foi acusado de assassinato. O comiss\u00e1rio de pol\u00edcia da Nova Zel\u00e2ndia, Mike Bush, disse que os suspeitos n\u00e3o eram conhecidos pelas autoridades. Bush afirmou ainda que dois dispositivos explosivos improvisados \u200b\u200bforam descobertos em um carro.<\/p>\n<p>A pol\u00edcia australiana no estado de New South Whales refor\u00e7ou a seguran\u00e7a, enquanto a esta\u00e7\u00e3o de trem em Auckland foi evacuada.<\/p>\n<p>Rea\u00e7\u00f5es<\/p>\n<p>L\u00edderes de v\u00e1rios pa\u00edses reagiram aos ataques.<\/p>\n<p>A primeira-ministra brit\u00e2nica, Theresa May, descreveu a trag\u00e9dia como um &#8220;ato repugnante de viol\u00eancia&#8221;. &#8220;Em nome do Reino Unido, minhas mais profundas condol\u00eancias ao povo da Nova Zel\u00e2ndia depois do horripilante ataque terrorista em Christchurch&#8221;, disse May.<\/p>\n<p>A chanceler alem\u00e3, Angela Merkel, condenou os ataques, segundo o porta-voz do governo, Steffen Seibert. &#8220;Eu lamento com os neozelandeses por seus compatriotas, que oravam pacificamente quando atacados em suas mesquitas e assassinados por \u00f3dio racista&#8221;, afirmou Merkel. &#8220;Estamos lado a lado contra esse terror.&#8221;<\/p>\n<p>O primeiro-ministro do Paquist\u00e3o, Imran Khan, condenou os ataques, dizendo que &#8220;o terrorismo n\u00e3o tem religi\u00e3o&#8221;. &#8220;Eu culpo esses crescentes ataques terroristas \u00e0 atual islamofobia p\u00f3s-11 de setembro, onde o Isl\u00e3 e 1,3 bilh\u00e3o de mu\u00e7ulmanos foram coletivamente responsabilizados por qualquer ato de terror por um mu\u00e7ulmano&#8221;, disse.<\/p>\n<p>A Comiss\u00e3o de Direitos Humanos da Nova Zel\u00e2ndia exortou as pessoas do pa\u00eds a &#8220;se unirem&#8221;. &#8220;A Nova Zel\u00e2ndia \u00e9 um dos pa\u00edses com maior diversidade \u00e9tnica do mundo e recebemos pessoas de todas as religi\u00f5es e origens. Precisamos lembrar o poder da diversidade. Juntos, somos mais fortes.\u201d<\/p>\n<p>*Com informa\u00e7\u00f5es da DW, ag\u00eancia p\u00fablica de not\u00edcias da Alemanha<\/p>\n","protected":false},"excerpt":{"rendered":"<p>Ataques simult\u00e2neos a duas mesquitas na cidade de Christchurch, no sul da Nova Zel\u00e2ndia, deixaram&#8230;<\/p>\n","protected":false},"author":1,"featured_media":29222,"comment_status":"closed","ping_status":"closed","sticky":false,"template":"","format":"standard","meta":{"footnotes":""},"categories":[15],"tags":[],"class_list":["post-29221","post","type-post","status-publish","format-standard","has-post-thumbnail","hentry","category-internacional"],"_links":{"self":[{"href":"https:\/\/www.corumbaonline.com.br\/news\/wp-json\/wp\/v2\/posts\/29221","targetHints":{"allow":["GET"]}}],"collection":[{"href":"https:\/\/www.corumbaonline.com.br\/news\/wp-json\/wp\/v2\/posts"}],"about":[{"href":"https:\/\/www.corumbaonline.com.br\/news\/wp-json\/wp\/v2\/types\/post"}],"author":[{"embeddable":true,"href":"https:\/\/www.corumbaonline.com.br\/news\/wp-json\/wp\/v2\/users\/1"}],"replies":[{"embeddable":true,"href":"https:\/\/www.corumbaonline.com.br\/news\/wp-json\/wp\/v2\/comments?post=29221"}],"version-history":[{"count":1,"href":"https:\/\/www.corumbaonline.com.br\/news\/wp-json\/wp\/v2\/posts\/29221\/revisions"}],"predecessor-version":[{"id":29223,"href":"https:\/\/www.corumbaonline.com.br\/news\/wp-json\/wp\/v2\/posts\/29221\/revisions\/29223"}],"wp:featuredmedia":[{"embeddable":true,"href":"https:\/\/www.corumbaonline.com.br\/news\/wp-json\/wp\/v2\/media\/29222"}],"wp:attachment":[{"href":"https:\/\/www.corumbaonline.com.br\/news\/wp-json\/wp\/v2\/media?parent=29221"}],"wp:term":[{"taxonomy":"category","embeddable":true,"href":"https:\/\/www.corumbaonline.com.br\/news\/wp-json\/wp\/v2\/categories?post=29221"},{"taxonomy":"post_tag","embeddable":true,"href":"https:\/\/www.corumbaonline.com.br\/news\/wp-json\/wp\/v2\/tags?post=29221"}],"curies":[{"name":"wp","href":"https:\/\/api.w.org\/{rel}","templated":true}]}}