{"id":29292,"date":"2019-03-19T11:20:45","date_gmt":"2019-03-19T15:20:45","guid":{"rendered":"http:\/\/www.corumbaonline.com.br\/news\/?p=29292"},"modified":"2019-03-19T12:03:11","modified_gmt":"2019-03-19T16:03:11","slug":"em-parceria-com-ifms-prefeitura-inicia-curso-de-informatica-basica","status":"publish","type":"post","link":"https:\/\/www.corumbaonline.com.br\/news\/em-parceria-com-ifms-prefeitura-inicia-curso-de-informatica-basica\/","title":{"rendered":"Em parceria com IFMS, Prefeitura inicia curso de Inform\u00e1tica B\u00e1sica"},"content":{"rendered":"<p>Teve in\u00edcio na noite da segunda-feira, 18 de mar\u00e7o, o curso de Inform\u00e1tica B\u00e1sica promovido pela Prefeitura Municipal em parceria com o Instituto Federal de Mato Grosso do Sul \u2013 Campus Corumb\u00e1. Executada pela Secretaria Especial de Cidadania e Direitos Humanos, por meio da Coordenadoria de Pol\u00edticas P\u00fablicas para LGBT, a capacita\u00e7\u00e3o tem carga hor\u00e1ria de 20 horas e vai at\u00e9 16 de abril. As aulas, para os 24 alunos, acontecem as segundas e ter\u00e7as-feiras (das 19h \u00e0s 21h15) no Laborat\u00f3rio C do IFMS.<\/p>\n<p>\u201cEste curso n\u00e3o s\u00f3 para o p\u00fablico LGBT, mas para toda a comunidade. Trabalhamos a inclus\u00e3o, n\u00e3o rotulamos. Trabalhamos com todos nessa capacita\u00e7\u00e3o\u201d, explicou o coordenador de Pol\u00edticas P\u00fablicas para LGBT, M\u00e1rcio Kalango, informando que j\u00e1 h\u00e1 um cadastro de reserva com 23 pessoas para o pr\u00f3ximo curso, que deve ser oferecido em maio pela Coordenadoria LGBT.<\/p>\n<p>O coordenador refor\u00e7ou que a iniciativa busca \u201cqualificar pessoas que n\u00e3o t\u00eam curso de inform\u00e1tica, que atualmente \u00e9 fundamental para ingresso no mercado de trabalho\u201d, disse ao destacar que \u201cconhecimento \u00e9 fundamental\u201d.<\/p>\n<p>Diretor do Campus Corumb\u00e1 do IFMS, Sandro Moura Santos afirmou que a institui\u00e7\u00e3o mant\u00e9m seguidas parcerias com o Munic\u00edpio e \u201cnesta a\u00e7\u00e3o espec\u00edfica, cedemos o espa\u00e7o e os instrutores s\u00e3o alunos do curso de An\u00e1lise de Sistemas do IFMS Corumb\u00e1. \u00c9 importante receber a comunidade corumbaense dentro do nosso Campus. Parcerias s\u00e3o fundamentais, temos v\u00e1rias a\u00e7\u00f5es com a Prefeitura, os entes p\u00fablicos precisam se articular para potencializar as a\u00e7\u00f5es em prol da comunidade\u201d, finalizou.<\/p>\n","protected":false},"excerpt":{"rendered":"<p>Teve in\u00edcio na noite da segunda-feira, 18 de mar\u00e7o, o curso de Inform\u00e1tica B\u00e1sica promovido&#8230;<\/p>\n","protected":false},"author":1,"featured_media":29293,"comment_status":"closed","ping_status":"closed","sticky":false,"template":"","format":"standard","meta":{"footnotes":""},"categories":[8,10,22],"tags":[],"class_list":["post-29292","post","type-post","status-publish","format-standard","has-post-thumbnail","hentry","category-destaque","category-educacao","category-tecnologia"],"_links":{"self":[{"href":"https:\/\/www.corumbaonline.com.br\/news\/wp-json\/wp\/v2\/posts\/29292","targetHints":{"allow":["GET"]}}],"collection":[{"href":"https:\/\/www.corumbaonline.com.br\/news\/wp-json\/wp\/v2\/posts"}],"about":[{"href":"https:\/\/www.corumbaonline.com.br\/news\/wp-json\/wp\/v2\/types\/post"}],"author":[{"embeddable":true,"href":"https:\/\/www.corumbaonline.com.br\/news\/wp-json\/wp\/v2\/users\/1"}],"replies":[{"embeddable":true,"href":"https:\/\/www.corumbaonline.com.br\/news\/wp-json\/wp\/v2\/comments?post=29292"}],"version-history":[{"count":1,"href":"https:\/\/www.corumbaonline.com.br\/news\/wp-json\/wp\/v2\/posts\/29292\/revisions"}],"predecessor-version":[{"id":29294,"href":"https:\/\/www.corumbaonline.com.br\/news\/wp-json\/wp\/v2\/posts\/29292\/revisions\/29294"}],"wp:featuredmedia":[{"embeddable":true,"href":"https:\/\/www.corumbaonline.com.br\/news\/wp-json\/wp\/v2\/media\/29293"}],"wp:attachment":[{"href":"https:\/\/www.corumbaonline.com.br\/news\/wp-json\/wp\/v2\/media?parent=29292"}],"wp:term":[{"taxonomy":"category","embeddable":true,"href":"https:\/\/www.corumbaonline.com.br\/news\/wp-json\/wp\/v2\/categories?post=29292"},{"taxonomy":"post_tag","embeddable":true,"href":"https:\/\/www.corumbaonline.com.br\/news\/wp-json\/wp\/v2\/tags?post=29292"}],"curies":[{"name":"wp","href":"https:\/\/api.w.org\/{rel}","templated":true}]}}