{"id":2935,"date":"2017-04-11T08:06:19","date_gmt":"2017-04-11T12:06:19","guid":{"rendered":"http:\/\/www.corumbaonline.com.br\/news\/?p=2935"},"modified":"2017-04-11T07:09:26","modified_gmt":"2017-04-11T11:09:26","slug":"2935","status":"publish","type":"post","link":"https:\/\/www.corumbaonline.com.br\/news\/2935\/","title":{"rendered":"Inep libera hoje os espelhos da corre\u00e7\u00e3o do Enem 2016"},"content":{"rendered":"<p>O Insituto Nacional de Estudos e Pequisas Educacionais An\u00edsio Teixeira (Inep) libera hoje (11) os espelhos da corre\u00e7\u00e3o das reda\u00e7\u00f5es do Exame Nacional do Ensino M\u00e9dio (Enem) 2016. Segundo a autarquia, os mais de 6 milh\u00f5es de participantes ter\u00e3o acesso \u00e0 corre\u00e7\u00e3o detalhada da prova a partir das 10h, na P\u00e1gina do Participante.<\/p>\n<p>No espelho, os candidatos ter\u00e3o acesso \u00e0 corre\u00e7\u00e3o, saber\u00e3o quanto tiraram em cada uma das compet\u00eancias avaliadas e poder\u00e3o comparar seu desempenho com o dos demais. As provas recebem nota de 0 a 1.000. Desde o dia 18 de janeiro, os candidatos j\u00e1 t\u00eam acesso \u00e0 nota da prova. Agora, para fins pedag\u00f3gicos, ter\u00e3o acesso a mais detalhes da corre\u00e7\u00e3o. Pelas regras do exame, o espelho serve apenas para que os estudantes possam saber como se sa\u00edram. Eles n\u00e3o podem recorrer do resultado.<\/p>\n<p>Os temas da reda\u00e7\u00e3o do Enem no ano passado foram \u201cCaminhos para combater a intoler\u00e2ncia religiosa no Brasil\u201d &#8211; para quem fez o exame nos dias 5 e 6 de novembro -, e &#8220;Caminhos para combater o racismo no Brasil&#8221; &#8211; para quem fez a prova nos dias 3 e 4 de dezembro. Em 2016, devido \u00e0 ocupa\u00e7\u00e3o de escolas e universidades por grupos contr\u00e1rios a mudan\u00e7as educacionais no Brasil, o Enem foi adiado para alguns participantes.<\/p>\n<p><strong>Reda\u00e7\u00e3o<\/strong><\/p>\n<p>As reda\u00e7\u00f5es s\u00e3o avaliadas por dois corretores independentes, que atribuem nota de 0 a 200 pontos para cada uma das cinco compet\u00eancias que estruturam o exame. A nota total de cada corretor \u00e9 a soma das cinco compet\u00eancias avaliadas. Os candidatos s\u00e3o avaliados, entre outras quest\u00f5es, quanto ao dom\u00ednio da escrita formal, elabora\u00e7\u00e3o da proposta em respeito aos direitos humanos, elabora\u00e7\u00e3o de proposta de interven\u00e7\u00e3o para o problema abordado e defesa do ponto de vista.<\/p>\n<p>Caso haja diverg\u00eancia entre as notas dos corretores em mais de 100 pontos na nota total, ou uma diferen\u00e7a de mais de 80 pontos em qualquer uma das compet\u00eancias, \u00e9 feita mais uma corre\u00e7\u00e3o, a terceira. Se a diferen\u00e7a persistir, o texto \u00e9 encaminhado a uma banca especial, formada por tr\u00eas novos membros, que atribuir\u00e1 a nota final. Nos casos em que n\u00e3o h\u00e1 discrep\u00e2ncia, a nota final do participante \u00e9 a m\u00e9dia das notas dos dois primeiros corretores.<\/p>\n<p><strong>Enem<\/strong><\/p>\n<p>As notas do Enem podem se usadas para concorrer a vagas em institui\u00e7\u00f5es p\u00fablicas de ensino superior, pelo Sistema de Sele\u00e7\u00e3o Unificada (Sisu), a bolsas em institui\u00e7\u00f5es privadas, pelo Programa Universidade para Todos (ProUni), e a financiamento pelo Fundo de Financiamento Estudantil (Fies). Caso tirem 0 na reda\u00e7\u00e3o, os participantes s\u00e3o exclu\u00eddos desses processos seletivos.<\/p>\n<p>Segundo balan\u00e7o divulgado pelo Minist\u00e9rio da Educa\u00e7\u00e3o, apenas 77 pessoas tiveram nota 1.000. Na outra ponta, 291.806 candidatos tiraram nota 0 ou tiveram a reda\u00e7\u00e3o anulada no ano passado.<\/p>\n","protected":false},"excerpt":{"rendered":"<p>O Insituto Nacional de Estudos e Pequisas Educacionais An\u00edsio Teixeira (Inep) libera hoje (11) os&#8230;<\/p>\n","protected":false},"author":1,"featured_media":0,"comment_status":"closed","ping_status":"closed","sticky":false,"template":"","format":"standard","meta":{"footnotes":""},"categories":[10],"tags":[],"class_list":["post-2935","post","type-post","status-publish","format-standard","hentry","category-educacao"],"_links":{"self":[{"href":"https:\/\/www.corumbaonline.com.br\/news\/wp-json\/wp\/v2\/posts\/2935","targetHints":{"allow":["GET"]}}],"collection":[{"href":"https:\/\/www.corumbaonline.com.br\/news\/wp-json\/wp\/v2\/posts"}],"about":[{"href":"https:\/\/www.corumbaonline.com.br\/news\/wp-json\/wp\/v2\/types\/post"}],"author":[{"embeddable":true,"href":"https:\/\/www.corumbaonline.com.br\/news\/wp-json\/wp\/v2\/users\/1"}],"replies":[{"embeddable":true,"href":"https:\/\/www.corumbaonline.com.br\/news\/wp-json\/wp\/v2\/comments?post=2935"}],"version-history":[{"count":2,"href":"https:\/\/www.corumbaonline.com.br\/news\/wp-json\/wp\/v2\/posts\/2935\/revisions"}],"predecessor-version":[{"id":2937,"href":"https:\/\/www.corumbaonline.com.br\/news\/wp-json\/wp\/v2\/posts\/2935\/revisions\/2937"}],"wp:attachment":[{"href":"https:\/\/www.corumbaonline.com.br\/news\/wp-json\/wp\/v2\/media?parent=2935"}],"wp:term":[{"taxonomy":"category","embeddable":true,"href":"https:\/\/www.corumbaonline.com.br\/news\/wp-json\/wp\/v2\/categories?post=2935"},{"taxonomy":"post_tag","embeddable":true,"href":"https:\/\/www.corumbaonline.com.br\/news\/wp-json\/wp\/v2\/tags?post=2935"}],"curies":[{"name":"wp","href":"https:\/\/api.w.org\/{rel}","templated":true}]}}