{"id":29360,"date":"2019-03-21T11:17:12","date_gmt":"2019-03-21T15:17:12","guid":{"rendered":"http:\/\/www.corumbaonline.com.br\/news\/?p=29360"},"modified":"2019-03-21T13:20:46","modified_gmt":"2019-03-21T17:20:46","slug":"nova-zelandia-quer-proibir-em-abril-venda-de-armas-do-tipo-militar","status":"publish","type":"post","link":"https:\/\/www.corumbaonline.com.br\/news\/nova-zelandia-quer-proibir-em-abril-venda-de-armas-do-tipo-militar\/","title":{"rendered":"Nova Zel\u00e2ndia quer proibir, em abril, venda de armas do tipo militar"},"content":{"rendered":"<p>Ap\u00f3s o duplo ataque a mesquitas na Nova Zel\u00e2ndia, a primeira-ministra Jacinda Ardern anunciou que armas semi-autom\u00e1ticas e autom\u00e1ticas de estilo militar n\u00e3o ser\u00e3o mais vendidas no pa\u00eds. O ataque provocou 50 mortos e muitos feridos.<\/p>\n<p>Segundo Ardern, a lei deve entrar em vigor em 11 de abril. O governo estuda propostas para incentivar donos de armas deste tipo a entreg\u00e1-las \u00e0s autoridades.<\/p>\n<div class=\"dnd-widget-wrapper context-cheio_8colunas type-image\">\n<div class=\"dnd-atom-rendered\">\n<figure class=\"mejs-fotoh-wrapper\">\n<p><figure style=\"width: 754px\" class=\"wp-caption alignnone\"><img loading=\"lazy\" decoding=\"async\" class=\"img-responsive full full\" title=\"REUTERS\/SNPA\/Martin Hunter\" src=\"http:\/\/imagens.ebc.com.br\/EFMFo3h4NMRK1R8Ek-v3Cw3VYBE=\/754x0\/smart\/http:\/\/agenciabrasil.ebc.com.br\/sites\/default\/files\/thumbnails\/image\/nova_zelandia_atentado_atiradorabr_150320193402.jpg?itok=5DQ97hyf\" alt=\"AOS (Armed Offenders Squad) empurra para tr\u00e1s membros do p\u00fablico ap\u00f3s um tiroteio na mesquita Masjid Al Noor em Christchurch, Nova Zel\u00e2ndia, 15 de mar\u00e7o de 2019.\" width=\"754\" height=\"579\" \/><figcaption class=\"wp-caption-text\">Atentados contra mesquitas levaram pol\u00edcia a refor\u00e7ar seguran\u00e7a na Nova Zel\u00e2ndia (Arquivo\/REUTERS\/SNPA\/Martin Hunter)<\/figcaption><\/figure><\/figure>\n<\/div>\n<\/div>\n<p>&#8220;Toda arma semi-autom\u00e1tica usada no ataque terrorista na sexta-feira ser\u00e1 proibida&#8221;, disse ela.<\/p>\n<p>No \u00faltimo dia 15, pela manh\u00e3, fi\u00e9is mu\u00e7ulmanos estavam reunidos em mesquitas quando atiradores entraram, utilizando armas semi-autom\u00e1ticas e autom\u00e1ticas de estilo militar.<\/p>\n<p>Quatro homens foram presos e um deles \u00e9 considerado o principal respons\u00e1vel pela viol\u00eancia.<\/p>\n<p>A proibi\u00e7\u00e3o ser\u00e1 aplicada a todos os semi-autom\u00e1ticos estilo militar (MSSA) e rifles de assalto, juntamente com pe\u00e7as usadas para converter armas em MSSAs e todas as revistas de alta capacidade.<\/p>\n","protected":false},"excerpt":{"rendered":"<p>Ap\u00f3s o duplo ataque a mesquitas na Nova Zel\u00e2ndia, a primeira-ministra Jacinda Ardern anunciou que&#8230;<\/p>\n","protected":false},"author":1,"featured_media":0,"comment_status":"closed","ping_status":"closed","sticky":false,"template":"","format":"standard","meta":{"footnotes":""},"categories":[15],"tags":[],"class_list":["post-29360","post","type-post","status-publish","format-standard","hentry","category-internacional"],"_links":{"self":[{"href":"https:\/\/www.corumbaonline.com.br\/news\/wp-json\/wp\/v2\/posts\/29360","targetHints":{"allow":["GET"]}}],"collection":[{"href":"https:\/\/www.corumbaonline.com.br\/news\/wp-json\/wp\/v2\/posts"}],"about":[{"href":"https:\/\/www.corumbaonline.com.br\/news\/wp-json\/wp\/v2\/types\/post"}],"author":[{"embeddable":true,"href":"https:\/\/www.corumbaonline.com.br\/news\/wp-json\/wp\/v2\/users\/1"}],"replies":[{"embeddable":true,"href":"https:\/\/www.corumbaonline.com.br\/news\/wp-json\/wp\/v2\/comments?post=29360"}],"version-history":[{"count":2,"href":"https:\/\/www.corumbaonline.com.br\/news\/wp-json\/wp\/v2\/posts\/29360\/revisions"}],"predecessor-version":[{"id":29362,"href":"https:\/\/www.corumbaonline.com.br\/news\/wp-json\/wp\/v2\/posts\/29360\/revisions\/29362"}],"wp:attachment":[{"href":"https:\/\/www.corumbaonline.com.br\/news\/wp-json\/wp\/v2\/media?parent=29360"}],"wp:term":[{"taxonomy":"category","embeddable":true,"href":"https:\/\/www.corumbaonline.com.br\/news\/wp-json\/wp\/v2\/categories?post=29360"},{"taxonomy":"post_tag","embeddable":true,"href":"https:\/\/www.corumbaonline.com.br\/news\/wp-json\/wp\/v2\/tags?post=29360"}],"curies":[{"name":"wp","href":"https:\/\/api.w.org\/{rel}","templated":true}]}}