{"id":29398,"date":"2019-03-22T13:00:17","date_gmt":"2019-03-22T17:00:17","guid":{"rendered":"http:\/\/www.corumbaonline.com.br\/news\/?p=29398"},"modified":"2019-03-22T13:14:19","modified_gmt":"2019-03-22T17:14:19","slug":"analisando-44","status":"publish","type":"post","link":"https:\/\/www.corumbaonline.com.br\/news\/analisando-44\/","title":{"rendered":"Analisando&#8230;"},"content":{"rendered":"<p><strong>Michel Temer<\/strong><\/p>\n<p>Ouvindo a analisando diversas opini\u00f5es e analises jur\u00eddicas a respeito do caso do ex-presidente, pode-se concluir que houve um show midi\u00e1tico; mais um, da lava jato neste caso tamb\u00e9m. N\u00e3o estamos entrando no m\u00e9rito, ali\u00e1s, muitas destas an\u00e1lises dizem que no fim do processo este deve ser mesmo o destino do ex-presidente (cadeia). O que se discute \u00e9 o momento e a forma. \u00c9 uma resposta ao STF? Foi pra agradar os \u201cnovos pol\u00edticos\u201d? Pelo que se observou n\u00e3o h\u00e1 requisitos presentes neste momento para esta pris\u00e3o e isto pode acabar acordando um outro projeto que estava esquecido nas gavetas do congresso, o de <em>abuso de autoridade<\/em>!!! Mais uma vez acho que a turminha \u201cdo bem\u201d da lava jato enfiou os p\u00e9s pelas m\u00e3os!<\/p>\n<p><strong>Reforma da Previd\u00eancia <\/strong><\/p>\n<p>Pelo andar da carruagem, o governo n\u00e3o ter\u00e1 vida f\u00e1cil na tramita\u00e7\u00e3o da reforma da previd\u00eancia. Isso por que a chegada da proposta dos militares trouxe \u00e0 tona diversos questionamentos que devem influenciar na decis\u00e3o de cada parlamentar. Fora o fato de que com Carlos Bolsonaro no time, o presidente n\u00e3o precisa da oposi\u00e7\u00e3o. O filho do MITO, tem tirado a paci\u00eancia de todos que est\u00e3o construindo a aprova\u00e7\u00e3o do projeto, inclusive fazendo o super ministro Paulo Guedes declarar que se a reforma n\u00e3o passar, ele pega o bon\u00e9 e vai embora.<\/p>\n<p><strong>Maia x Moro<\/strong><\/p>\n<p>J\u00e1 n\u00e3o bastasse a dificuldade de construir maioria para a reforma da previd\u00eancia, ainda aparece esse abacaxi na sala. A cobran\u00e7a fora de hora do Ministro Sergio Moro ao Presidente da casa, Rodrigo Maia, fez explodir a rela\u00e7\u00e3o da c\u00e2mara com o pal\u00e1cio do planalto. Muitos j\u00e1 acreditam que isto foi a gota d\u2019\u00e1gua para a crise que j\u00e1 esta pipocando no sal\u00e3o verde do congresso. De imediato, Maia designou dois parlamentares para comiss\u00e3o que vai analisar o projeto \u201ccopia e cola\u201d do Moro. S\u00e3o eles Paulo Teixeira \u2013 PT\/SP e Marcelo Freixo \u2013 PSOL\/RJ, ambos advers\u00e1rios declarados do ministro. Acho que vai entrar \u00e1gua no chopp!!<\/p>\n<p><strong>Fiscaliza\u00e7\u00e3o <\/strong><\/p>\n<p>O deputado Estadual Evander Vendramini vai compor a comiss\u00e3o que far\u00e1 a fiscaliza\u00e7\u00e3o nas barragens da mineradora Vetorial. O parlamentar que vem imprimindo um ritmo diferente no seu mandato, ainda esta acompanhando de perto a tramita\u00e7\u00e3o do PDV na casa de leis. Vale salientar que o parlamentar ainda esta em outra frente importante. Prop\u00f4s a abertura de uma CPI para investigar os recursos p\u00fablicos que s\u00e3o destinados ao futebol de MS. Algu\u00e9m precisa ter coragem de mexer nesta caixa preta e parece que Evander esta com g\u00e1s todo!!!<\/p>\n<p><strong>Acelerando<\/strong><\/p>\n<p>A Deputada Federal Bia Cavassa vai acelerando os motores do seu mandato a cada dia! Ap\u00f3s tomar posse em comiss\u00f5es importantes, como a comiss\u00e3o dos direitos da mulher, esta semana a deputada pantaneira esteve reunido na sede do DNIT em Bras\u00edlia, tratando de um problema muito s\u00e9rio que \u00e9 a desobstru\u00e7\u00e3o do rio negrinho com urg\u00eancia. Tamb\u00e9m tratou da situa\u00e7\u00e3o do rio taquari, que se arrasta h\u00e1 anos. Aos poucos a deputada esta se familiarizando com\u00a0 a batida nos corredores do poder em Bras\u00edlia!<\/p>\n<p><strong>Tucanos<\/strong><\/p>\n<p>Em tempos de guerra pol\u00edtica, parece que nem o ninho dos tucanos esta em paz. Trava-se uma verdadeira guerra j\u00e1 declarada pelo comando do partido no estado entre os deputados federais Beto Pereira e Rose Modesto. O pano de fundo dessa disputa na verdade passa pela indica\u00e7\u00e3o do partido pela candidatura a prefeitura da capital. Como o Governador Azambuja tem preferencia em apoiar o atual prefeito Marquinhos Trad, os deputados est\u00e3o se mexendo para se viabilizar. A disputa deixara sequelas com certeza. Vamos acompanhar o posicionamento dos tucanos de alta plumagem do munic\u00edpio nesta disputa, o Prefeito Marcelo Iunes, a Deputada Federal Bia Cavassa e o Vereador Bira.<\/p>\n<p><strong>Sanesul<\/strong><\/p>\n<p>A empresa de Saneamento de Mato Grosso do Sul esta come\u00e7ando a negociar a renova\u00e7\u00e3o dos contratos de concess\u00e3o com as duas maiores cidades do interior: Dourados e Corumb\u00e1. Os milh\u00f5es arrecadados nestas duas cidades correspondem a 80% do faturamento da empresa no estado, j\u00e1 que na capital ela n\u00e3o \u00e9 detentora da concess\u00e3o. Aqui em Corumb\u00e1, aonde os lucros s\u00e3o exorbitantes, quando era vereador, o Prefeito Marcelo Iunes, sempre foi defensor da municipaliza\u00e7\u00e3o, postura que esta mantendo agora no executivo. Essa \u00e9 uma discuss\u00e3o que merece ser acompanhada de perto, pois, hoje pagamos uma das faturas mais caras do MS.<\/p>\n","protected":false},"excerpt":{"rendered":"<p>Michel Temer Ouvindo a analisando diversas opini\u00f5es e analises jur\u00eddicas a respeito do caso do&#8230;<\/p>\n","protected":false},"author":6,"featured_media":19310,"comment_status":"closed","ping_status":"closed","sticky":false,"template":"","format":"standard","meta":{"footnotes":""},"categories":[3],"tags":[],"class_list":["post-29398","post","type-post","status-publish","format-standard","has-post-thumbnail","hentry","category-artigo"],"_links":{"self":[{"href":"https:\/\/www.corumbaonline.com.br\/news\/wp-json\/wp\/v2\/posts\/29398","targetHints":{"allow":["GET"]}}],"collection":[{"href":"https:\/\/www.corumbaonline.com.br\/news\/wp-json\/wp\/v2\/posts"}],"about":[{"href":"https:\/\/www.corumbaonline.com.br\/news\/wp-json\/wp\/v2\/types\/post"}],"author":[{"embeddable":true,"href":"https:\/\/www.corumbaonline.com.br\/news\/wp-json\/wp\/v2\/users\/6"}],"replies":[{"embeddable":true,"href":"https:\/\/www.corumbaonline.com.br\/news\/wp-json\/wp\/v2\/comments?post=29398"}],"version-history":[{"count":1,"href":"https:\/\/www.corumbaonline.com.br\/news\/wp-json\/wp\/v2\/posts\/29398\/revisions"}],"predecessor-version":[{"id":29400,"href":"https:\/\/www.corumbaonline.com.br\/news\/wp-json\/wp\/v2\/posts\/29398\/revisions\/29400"}],"wp:featuredmedia":[{"embeddable":true,"href":"https:\/\/www.corumbaonline.com.br\/news\/wp-json\/wp\/v2\/media\/19310"}],"wp:attachment":[{"href":"https:\/\/www.corumbaonline.com.br\/news\/wp-json\/wp\/v2\/media?parent=29398"}],"wp:term":[{"taxonomy":"category","embeddable":true,"href":"https:\/\/www.corumbaonline.com.br\/news\/wp-json\/wp\/v2\/categories?post=29398"},{"taxonomy":"post_tag","embeddable":true,"href":"https:\/\/www.corumbaonline.com.br\/news\/wp-json\/wp\/v2\/tags?post=29398"}],"curies":[{"name":"wp","href":"https:\/\/api.w.org\/{rel}","templated":true}]}}