{"id":29423,"date":"2019-03-26T09:30:13","date_gmt":"2019-03-26T13:30:13","guid":{"rendered":"http:\/\/www.corumbaonline.com.br\/news\/?p=29423"},"modified":"2019-03-26T10:57:51","modified_gmt":"2019-03-26T14:57:51","slug":"vereador-trabalha-pela-municipalizacao-dos-servicos-de-agua-e-esgoto-na-cidade","status":"publish","type":"post","link":"https:\/\/www.corumbaonline.com.br\/news\/vereador-trabalha-pela-municipalizacao-dos-servicos-de-agua-e-esgoto-na-cidade\/","title":{"rendered":"Vereador trabalha pela municipaliza\u00e7\u00e3o dos servi\u00e7os de \u00e1gua e esgoto na cidade"},"content":{"rendered":"<p><span style=\"color: #000000;\">Antes mesmo da Audi\u00eancia P\u00fablica para tratar da renova\u00e7\u00e3o dos servi\u00e7os de \u00e1gua e esgoto entre a Prefeitura de Corumb\u00e1 e a Sanesul (Empresa de Saneamento de Mato Grosso do Sul), o vereador Luciano Costa j\u00e1 sinalizou ser contr\u00e1rio, e que vai trabalhar pela municipaliza\u00e7\u00e3o do sistema.<\/span><\/p>\n<p><span style=\"color: #000000;\">Na sess\u00e3o de ontem, o vereador entrou com um requerimento em regime de urg\u00eancia, solicitando que seja encaminhado expediente ao diretor-presidente da Sanesul, Walter Carneiro Junior, solicitando encaminhamento \u00e0 C\u00e2mara de Corumb\u00e1, dos demonstrativos cont\u00e1beis referentes a arrecada\u00e7\u00e3o da empresa na cidade, nos \u00faltimos 24 meses.<\/span><\/p>\n<p><span style=\"color: #000000;\">Ao fazer uso da palavra, Luciano se posicionou contra a renova\u00e7\u00e3o da concess\u00e3o, que \u00e9 a favor da municipaliza\u00e7\u00e3o, e disse que todos desejam saber qual \u00e9 a arrecada\u00e7\u00e3o da empresa em Corumb\u00e1, principalmente em rela\u00e7\u00e3o ao montante que acaba sendo aplicado em outras unidades.<\/span><\/p>\n<p><span style=\"color: #000000;\">\u201cSanesul n\u00e3o! Municipaliza\u00e7\u00e3o j\u00e1! N\u00e3o \u00e9 justo o nosso povo sofrido continuar pagando, por mais trinta anos, a conta de outras cidades. Por isso pedimos esses documentos cont\u00e1beis da arrecada\u00e7\u00e3o da Sanesul nos \u00faltimos 24 meses, parar saber qual \u00e9 o volume que deixa de ser aplicado aqui, e vai para outras regi\u00f5es\u201d, disse.<\/span><\/p>\n<p><span style=\"color: #000000;\">\u201cN\u00e3o aceitamos a renova\u00e7\u00e3o da concess\u00e3o. A nossa luta \u00e9 pela municipaliza\u00e7\u00e3o. Se for renovada, corremos o risco de ficarmos mais 30 anos mandando dinheiro do nosso povo para pagar a conta dos outros. N\u00e3o concordo com isso\u201d, completou.<\/span><\/p>\n","protected":false},"excerpt":{"rendered":"<p>Antes mesmo da Audi\u00eancia P\u00fablica para tratar da renova\u00e7\u00e3o dos servi\u00e7os de \u00e1gua e esgoto&#8230;<\/p>\n","protected":false},"author":1,"featured_media":29424,"comment_status":"closed","ping_status":"closed","sticky":false,"template":"","format":"standard","meta":{"footnotes":""},"categories":[18],"tags":[],"class_list":["post-29423","post","type-post","status-publish","format-standard","has-post-thumbnail","hentry","category-seguranca"],"_links":{"self":[{"href":"https:\/\/www.corumbaonline.com.br\/news\/wp-json\/wp\/v2\/posts\/29423","targetHints":{"allow":["GET"]}}],"collection":[{"href":"https:\/\/www.corumbaonline.com.br\/news\/wp-json\/wp\/v2\/posts"}],"about":[{"href":"https:\/\/www.corumbaonline.com.br\/news\/wp-json\/wp\/v2\/types\/post"}],"author":[{"embeddable":true,"href":"https:\/\/www.corumbaonline.com.br\/news\/wp-json\/wp\/v2\/users\/1"}],"replies":[{"embeddable":true,"href":"https:\/\/www.corumbaonline.com.br\/news\/wp-json\/wp\/v2\/comments?post=29423"}],"version-history":[{"count":1,"href":"https:\/\/www.corumbaonline.com.br\/news\/wp-json\/wp\/v2\/posts\/29423\/revisions"}],"predecessor-version":[{"id":29425,"href":"https:\/\/www.corumbaonline.com.br\/news\/wp-json\/wp\/v2\/posts\/29423\/revisions\/29425"}],"wp:featuredmedia":[{"embeddable":true,"href":"https:\/\/www.corumbaonline.com.br\/news\/wp-json\/wp\/v2\/media\/29424"}],"wp:attachment":[{"href":"https:\/\/www.corumbaonline.com.br\/news\/wp-json\/wp\/v2\/media?parent=29423"}],"wp:term":[{"taxonomy":"category","embeddable":true,"href":"https:\/\/www.corumbaonline.com.br\/news\/wp-json\/wp\/v2\/categories?post=29423"},{"taxonomy":"post_tag","embeddable":true,"href":"https:\/\/www.corumbaonline.com.br\/news\/wp-json\/wp\/v2\/tags?post=29423"}],"curies":[{"name":"wp","href":"https:\/\/api.w.org\/{rel}","templated":true}]}}