{"id":29426,"date":"2019-03-26T09:43:19","date_gmt":"2019-03-26T13:43:19","guid":{"rendered":"http:\/\/www.corumbaonline.com.br\/news\/?p=29426"},"modified":"2019-03-26T11:00:56","modified_gmt":"2019-03-26T15:00:56","slug":"prefeitura-e-sicredi-discutem-parceria-no-programa-geracao-olimpica","status":"publish","type":"post","link":"https:\/\/www.corumbaonline.com.br\/news\/prefeitura-e-sicredi-discutem-parceria-no-programa-geracao-olimpica\/","title":{"rendered":"Prefeitura e Sicredi discutem parceria no programa Gera\u00e7\u00e3o Ol\u00edmpica"},"content":{"rendered":"<p>A formaliza\u00e7\u00e3o de uma parceria da Prefeitura Municipal com o Sicredi foi tema de uma reuni\u00e3o do prefeito Marcelo Iunes com a dire\u00e7\u00e3o da institui\u00e7\u00e3o financeira na manh\u00e3 desta segunda-feira, 25 de mar\u00e7o. A iniciativa discutiu o apoio ao projeto Gera\u00e7\u00e3o Ol\u00edmpica, que \u00e9 coordenado pela Funda\u00e7\u00e3o de Esportes de Corumb\u00e1 (Funec).<\/p>\n<p>\u201cQueremos iniciar uma parceria com a Prefeitura. A cooperativa tem como base o desenvolvimento social da comunidade onde o Sicredi est\u00e1 inserido. Estamos estreitando parceria com a Prefeitura para projetis futuros, n\u00e3o somente na \u00e1rea esportiva, mas atendendo a comunidade geral\u201d, explicou o gerente-geral do Sicredi\/Corumb\u00e1, Ricardo Barreto. Ele complementou que inicialmente, a parceria diz respeito ao \u201cincentivo ao Gera\u00e7\u00e3o Ol\u00edmpica no patroc\u00ednio de coletes, camisas e cal\u00e7\u00f5es\u201d.<\/p>\n<p>Coordenador t\u00e9cnico do Futebol de Campo do Gera\u00e7\u00e3o Ol\u00edmpica, Osvaldo J\u00fanior, disse que o incentivo do Sicredi vai auxiliar significativamente as a\u00e7\u00f5es do programa municipal. \u201cEles t\u00eam essa a\u00e7\u00e3o de incentivo a projetos sociais e a Funec tem esse segmento dentro do Gera\u00e7\u00e3o Ol\u00edmpica\u201d, disse.<\/p>\n<p>Tamb\u00e9m participaram da reuni\u00e3o o diretor-presidente da Funec, Paulo Andr\u00e9 de Ara\u00fajo J\u00fanior; o treinador das categorias de base do futebol de campo do Gera\u00e7\u00e3o Ol\u00edmpica, Ant\u00f4nio Francisco (Chiquinho); o assessor executivo da Funec, Luciano Oliveira, e o gerente empresarial do Sicredi\/Corumb\u00e1, Jackson Barros.<\/p>\n","protected":false},"excerpt":{"rendered":"<p>A formaliza\u00e7\u00e3o de uma parceria da Prefeitura Municipal com o Sicredi foi tema de uma&#8230;<\/p>\n","protected":false},"author":1,"featured_media":29427,"comment_status":"closed","ping_status":"closed","sticky":false,"template":"","format":"standard","meta":{"footnotes":""},"categories":[9,11],"tags":[],"class_list":["post-29426","post","type-post","status-publish","format-standard","has-post-thumbnail","hentry","category-economia","category-esporte"],"_links":{"self":[{"href":"https:\/\/www.corumbaonline.com.br\/news\/wp-json\/wp\/v2\/posts\/29426","targetHints":{"allow":["GET"]}}],"collection":[{"href":"https:\/\/www.corumbaonline.com.br\/news\/wp-json\/wp\/v2\/posts"}],"about":[{"href":"https:\/\/www.corumbaonline.com.br\/news\/wp-json\/wp\/v2\/types\/post"}],"author":[{"embeddable":true,"href":"https:\/\/www.corumbaonline.com.br\/news\/wp-json\/wp\/v2\/users\/1"}],"replies":[{"embeddable":true,"href":"https:\/\/www.corumbaonline.com.br\/news\/wp-json\/wp\/v2\/comments?post=29426"}],"version-history":[{"count":1,"href":"https:\/\/www.corumbaonline.com.br\/news\/wp-json\/wp\/v2\/posts\/29426\/revisions"}],"predecessor-version":[{"id":29428,"href":"https:\/\/www.corumbaonline.com.br\/news\/wp-json\/wp\/v2\/posts\/29426\/revisions\/29428"}],"wp:featuredmedia":[{"embeddable":true,"href":"https:\/\/www.corumbaonline.com.br\/news\/wp-json\/wp\/v2\/media\/29427"}],"wp:attachment":[{"href":"https:\/\/www.corumbaonline.com.br\/news\/wp-json\/wp\/v2\/media?parent=29426"}],"wp:term":[{"taxonomy":"category","embeddable":true,"href":"https:\/\/www.corumbaonline.com.br\/news\/wp-json\/wp\/v2\/categories?post=29426"},{"taxonomy":"post_tag","embeddable":true,"href":"https:\/\/www.corumbaonline.com.br\/news\/wp-json\/wp\/v2\/tags?post=29426"}],"curies":[{"name":"wp","href":"https:\/\/api.w.org\/{rel}","templated":true}]}}