{"id":29432,"date":"2019-03-26T10:20:15","date_gmt":"2019-03-26T14:20:15","guid":{"rendered":"http:\/\/www.corumbaonline.com.br\/news\/?p=29432"},"modified":"2019-03-26T11:06:24","modified_gmt":"2019-03-26T15:06:24","slug":"mec-volta-atras-na-decisao-de-nao-avaliar-alfabetizacao","status":"publish","type":"post","link":"https:\/\/www.corumbaonline.com.br\/news\/mec-volta-atras-na-decisao-de-nao-avaliar-alfabetizacao\/","title":{"rendered":"MEC volta atr\u00e1s na decis\u00e3o de n\u00e3o avaliar alfabetiza\u00e7\u00e3o"},"content":{"rendered":"<p>Ap\u00f3s pol\u00eamica, o\u00a0<strong>Minist\u00e9rio da Educa\u00e7\u00e3o<\/strong>\u00a0(MEC) revogou a portaria que deixava de avaliar as crian\u00e7as de 7 anos, em fase de alfabetiza\u00e7\u00e3o. O documento que tornou a medida sem efeito foi assinado pelo pr\u00f3prio ministro\u00a0<strong>Ricardo V\u00e9lez Rodr\u00edguez<\/strong>. Ele n\u00e3o foi consultado sobre a mudan\u00e7a, noticiada com exclusividade nesta segunda-feira (25) pelo jornal\u00a0<em>O Estado de S. Paulo<\/em>.<\/p>\n<p>Por causa disso, V\u00e9lez demitiu o presidente do Instituto Nacional de Pesquisas Educacionais (Inep), Marcos Vinicius Rodrigues. Os dois discutiram rispidamente nesta segunda-feira em reuni\u00e3o que tratou da desist\u00eancia em avaliar o n\u00edvel de alfabetiza\u00e7\u00e3o das crian\u00e7as. A demiss\u00e3o ainda n\u00e3o foi confirmada oficialmente e estaria aguardando decis\u00e3o do presidente Jair Bolsonaro. Rodrigues \u00e9 ex-professor da Funda\u00e7\u00e3o Getulio Vargas e foi indicado pelo grupo de militares de reserva que auxilia o governo desde a transi\u00e7\u00e3o.<\/p>\n<p class=\"text\">Um of\u00edcio enviado ao Inep obtido pelo Estado mostra o pedido do secret\u00e1rio de Alfabetiza\u00e7\u00e3o, Carlos Nadalin, sobre a mudan\u00e7a. A raz\u00e3o alegada por ele foi a pol\u00edtica nacional de alfabetiza\u00e7\u00e3o que estava sendo discutida no MEC. O texto diz que &#8220;a referida avalia\u00e7\u00e3o, no atual formato, n\u00e3o corresponde \u00e0s necessidades da pol\u00edtica que ser\u00e1 implementada&#8221;. Al\u00e9m disso, informa que \u00e9 preciso rediscutir se as crian\u00e7as ser\u00e3o avaliadas no 2\u00ba ano do fundamental.<\/p>\n<p class=\"text\">Nadalin \u00e9 considerado do grupo que tem conex\u00f5es com o fil\u00f3sofo Olavo de Carvalho, guru dos bolsonaristas. Ele \u00e9 dono de uma escola em Londrina (PR), a Mundo Bal\u00e3o M\u00e1gico, e antes de ir para o MEC divulgava v\u00eddeos pela internet de como alfabetizar as crian\u00e7as.<\/p>\n<p class=\"text\">Foi ele tamb\u00e9m quem elaborou a minuta do decreto revelada pelo Estado na semana passada sobre uma pol\u00edtica de alfabetiza\u00e7\u00e3o no Pa\u00eds. O documento, assim como Nadalin, defende o m\u00e9todo f\u00f4nico, considerado antiquado e limitador por muitos especialistas. A minuta do decreto do MEC tamb\u00e9m previa que as crian\u00e7as estejam alfabetizadas at\u00e9 o fim do 1\u00ba ano do fundamental.<\/p>\n<p class=\"text\">V\u00e9lez tamb\u00e9m teria pedido a demiss\u00e3o de Nadalin e aguardava decis\u00e3o do presidente Jair Bolsonaro. J\u00e1 a secret\u00e1ria de Educa\u00e7\u00e3o B\u00e1sica, T\u00e2nia Almeida, pediu seu desligamento nesta segunda-feira depois do epis\u00f3dio. Mesmo sendo a respons\u00e1vel pela \u00e1rea, ela n\u00e3o tinha sido informada sobre a mudan\u00e7a na prova. T\u00e2nia e sua equipe mais pr\u00f3xima discordam da medida e deixavam isso claro nas discuss\u00f5es do grupo de trabalho sobre alfabetiza\u00e7\u00e3o no MEC.<br \/><br \/>A decis\u00e3o do minist\u00e9rio tomada na segunda-feira foi recebida com muitas cr\u00edticas por secret\u00e1rios de educa\u00e7\u00e3o e pela comunidade educacional em geral.<br \/><br \/>A alfabetiza\u00e7\u00e3o \u00e9 considerada o momento mais importante da educa\u00e7\u00e3o de uma crian\u00e7a. Especialistas enfatizam que um aluno alfabetizado de maneira insuficiente dificilmente ter\u00e1 condi\u00e7\u00e3o de continuar aprendendo na escola.<br \/><br \/>Sem avalia\u00e7\u00e3o neste ano, perdia-se a possibilidade de compara\u00e7\u00e3o para saber se as crian\u00e7as est\u00e3o melhorando ou piorando o aprendizado. A alfabetiza\u00e7\u00e3o havia sido medida em 2014 e 2016 e deveria voltar s\u00f3 em 2021.<\/p>\n\n\n<p><\/p>\n","protected":false},"excerpt":{"rendered":"<p>Ap\u00f3s pol\u00eamica, o\u00a0Minist\u00e9rio da Educa\u00e7\u00e3o\u00a0(MEC) revogou a portaria que deixava de avaliar as crian\u00e7as de&#8230;<\/p>\n","protected":false},"author":1,"featured_media":0,"comment_status":"closed","ping_status":"closed","sticky":false,"template":"","format":"standard","meta":{"footnotes":""},"categories":[10],"tags":[],"class_list":["post-29432","post","type-post","status-publish","format-standard","hentry","category-educacao"],"_links":{"self":[{"href":"https:\/\/www.corumbaonline.com.br\/news\/wp-json\/wp\/v2\/posts\/29432","targetHints":{"allow":["GET"]}}],"collection":[{"href":"https:\/\/www.corumbaonline.com.br\/news\/wp-json\/wp\/v2\/posts"}],"about":[{"href":"https:\/\/www.corumbaonline.com.br\/news\/wp-json\/wp\/v2\/types\/post"}],"author":[{"embeddable":true,"href":"https:\/\/www.corumbaonline.com.br\/news\/wp-json\/wp\/v2\/users\/1"}],"replies":[{"embeddable":true,"href":"https:\/\/www.corumbaonline.com.br\/news\/wp-json\/wp\/v2\/comments?post=29432"}],"version-history":[{"count":1,"href":"https:\/\/www.corumbaonline.com.br\/news\/wp-json\/wp\/v2\/posts\/29432\/revisions"}],"predecessor-version":[{"id":29433,"href":"https:\/\/www.corumbaonline.com.br\/news\/wp-json\/wp\/v2\/posts\/29432\/revisions\/29433"}],"wp:attachment":[{"href":"https:\/\/www.corumbaonline.com.br\/news\/wp-json\/wp\/v2\/media?parent=29432"}],"wp:term":[{"taxonomy":"category","embeddable":true,"href":"https:\/\/www.corumbaonline.com.br\/news\/wp-json\/wp\/v2\/categories?post=29432"},{"taxonomy":"post_tag","embeddable":true,"href":"https:\/\/www.corumbaonline.com.br\/news\/wp-json\/wp\/v2\/tags?post=29432"}],"curies":[{"name":"wp","href":"https:\/\/api.w.org\/{rel}","templated":true}]}}