{"id":29434,"date":"2019-03-26T10:35:35","date_gmt":"2019-03-26T14:35:35","guid":{"rendered":"http:\/\/www.corumbaonline.com.br\/news\/?p=29434"},"modified":"2019-03-26T11:08:18","modified_gmt":"2019-03-26T15:08:18","slug":"audiencia-publica-em-abril-vai-discutir-concessao-dos-servicos-de-agua-e-esgoto","status":"publish","type":"post","link":"https:\/\/www.corumbaonline.com.br\/news\/audiencia-publica-em-abril-vai-discutir-concessao-dos-servicos-de-agua-e-esgoto\/","title":{"rendered":"Audi\u00eancia P\u00fablica em abril vai discutir concess\u00e3o dos servi\u00e7os de \u00e1gua e esgoto"},"content":{"rendered":"<p><span style=\"color: #000000;\">A renova\u00e7\u00e3o da concess\u00e3o dos servi\u00e7os de \u00e1gua e esgoto ser\u00e1 amplamente debatida durante uma Audi\u00eancia P\u00fablica convocada pela C\u00e2mara de Vereadores de Corumb\u00e1. A iniciativa \u00e9 do vereador Tadeu Vieira e foi apresentada na Sess\u00e3o Ordin\u00e1ria de ontem, segunda-feira, 25.<\/span><\/p>\n<p><span style=\"color: #000000;\">A Audi\u00eancia P\u00fablica est\u00e1 marcada para o dia 26 de abril, uma sexta-feira, e ser\u00e3o convidados representantes dos mais diferentes segmentos da sociedade. \u201cA concess\u00e3o dos servi\u00e7os com a Empresa de Saneamento de Mato Grosso do Sul (Sanesul) se encerra neste ano de 2019. \u00c9 um assunto de extrema import\u00e2ncia e que precisa ser discutido por toda a popula\u00e7\u00e3o corumbaense\u201d, observou Tadeu.<\/span><\/p>\n<p><span style=\"color: #000000;\">A audi\u00eancia est\u00e1 marcada para o plen\u00e1rio da Casa do Bar\u00e3o de Vila Maria. No entanto, na sess\u00e3o de ontem, o vereador deixou em aberto a possibilidade de transferir para um local maior j\u00e1 que o evento dever\u00e1 contar com as presen\u00e7as de todas as autoridades competentes do poder Executivo, Legislativo e Judici\u00e1rio, inclusive da Promotoria e Defensoria P\u00fablica; deputados Evander Vendramini (Estadual) e Bia Cavassa (Federal); al\u00e9m de representantes da OAB, PROCON, presidente das associa\u00e7\u00f5es dos bairros e dos conjuntos habitacionais de Corumb\u00e1, al\u00e9m de representantes das entidades de classe, imprensa e da pr\u00f3pria Sanesul.<\/span><\/p>\n<p><span style=\"color: #000000;\">\u201cVamos tratar de um tema de suma import\u00e2ncia para a nossa popula\u00e7\u00e3o que vem sofrendo ao longo dos anos com o descaso por parte da Sanesul\u201d, comentou o vereador. \u201cConsidero que esse \u00e9 o momento que exige um cuidado especial por parte de todos n\u00f3s vereadores, pois s\u00f3 assim, a partir de uma ampla discuss\u00e3o com a popula\u00e7\u00e3o e as autoridades do nosso munic\u00edpio, poderemos tomar decis\u00f5es na altera\u00e7\u00e3o ou n\u00e3o do contrato de concess\u00e3o com rela\u00e7\u00e3o a Sanesul\u201d, continuou.<\/span><\/p>\n<p><span style=\"color: #000000;\">Alguns assuntos que dever\u00e3o sem amplamente debatidos s\u00e3o o prazo do novo contrato de concess\u00e3o (a Sanesul vislumbra por 30 anos \u2013 o atual, assinado em 1999, foi de 20); redu\u00e7\u00e3o da taxa de esgoto que hoje \u00e9 70% do valor da \u00e1gua; \u00e1gua dispon\u00edvel em toda a cidade e para os distritos, entre outros.<\/span><\/p>\n","protected":false},"excerpt":{"rendered":"<p>A renova\u00e7\u00e3o da concess\u00e3o dos servi\u00e7os de \u00e1gua e esgoto ser\u00e1 amplamente debatida durante uma&#8230;<\/p>\n","protected":false},"author":1,"featured_media":29435,"comment_status":"closed","ping_status":"closed","sticky":false,"template":"","format":"standard","meta":{"footnotes":""},"categories":[14],"tags":[],"class_list":["post-29434","post","type-post","status-publish","format-standard","has-post-thumbnail","hentry","category-geral"],"_links":{"self":[{"href":"https:\/\/www.corumbaonline.com.br\/news\/wp-json\/wp\/v2\/posts\/29434","targetHints":{"allow":["GET"]}}],"collection":[{"href":"https:\/\/www.corumbaonline.com.br\/news\/wp-json\/wp\/v2\/posts"}],"about":[{"href":"https:\/\/www.corumbaonline.com.br\/news\/wp-json\/wp\/v2\/types\/post"}],"author":[{"embeddable":true,"href":"https:\/\/www.corumbaonline.com.br\/news\/wp-json\/wp\/v2\/users\/1"}],"replies":[{"embeddable":true,"href":"https:\/\/www.corumbaonline.com.br\/news\/wp-json\/wp\/v2\/comments?post=29434"}],"version-history":[{"count":1,"href":"https:\/\/www.corumbaonline.com.br\/news\/wp-json\/wp\/v2\/posts\/29434\/revisions"}],"predecessor-version":[{"id":29436,"href":"https:\/\/www.corumbaonline.com.br\/news\/wp-json\/wp\/v2\/posts\/29434\/revisions\/29436"}],"wp:featuredmedia":[{"embeddable":true,"href":"https:\/\/www.corumbaonline.com.br\/news\/wp-json\/wp\/v2\/media\/29435"}],"wp:attachment":[{"href":"https:\/\/www.corumbaonline.com.br\/news\/wp-json\/wp\/v2\/media?parent=29434"}],"wp:term":[{"taxonomy":"category","embeddable":true,"href":"https:\/\/www.corumbaonline.com.br\/news\/wp-json\/wp\/v2\/categories?post=29434"},{"taxonomy":"post_tag","embeddable":true,"href":"https:\/\/www.corumbaonline.com.br\/news\/wp-json\/wp\/v2\/tags?post=29434"}],"curies":[{"name":"wp","href":"https:\/\/api.w.org\/{rel}","templated":true}]}}