{"id":29437,"date":"2019-03-26T10:51:37","date_gmt":"2019-03-26T14:51:37","guid":{"rendered":"http:\/\/www.corumbaonline.com.br\/news\/?p=29437"},"modified":"2019-03-26T11:09:49","modified_gmt":"2019-03-26T15:09:49","slug":"guedes-desiste-de-ir-a-camara-para-debater-reforma-da-previdencia","status":"publish","type":"post","link":"https:\/\/www.corumbaonline.com.br\/news\/guedes-desiste-de-ir-a-camara-para-debater-reforma-da-previdencia\/","title":{"rendered":"Guedes desiste de ir \u00e0 C\u00e2mara para debater reforma da Previd\u00eancia"},"content":{"rendered":"<p>O ministro da Economia, Paulo Guedes, n\u00e3o participar\u00e1 de audi\u00eancia na Comiss\u00e3o de Constitui\u00e7\u00e3o e Justi\u00e7a (CCJ) da C\u00e2mara dos Deputados, na tarde de hoje (26),\u00a0para discutir a proposta de emenda \u00e0 Constitui\u00e7\u00e3o da reforma da Previd\u00eancia (PEC 6\/19). A participa\u00e7\u00e3o na audi\u00eancia\u00a0<a href=\"http:\/\/agenciabrasil.ebc.com.br\/politica\/noticia\/2019-03\/paulo-guedes-vai-camara-para-debater-reforma-da-previdencia\" target=\"_blank\" rel=\"noopener\">constava na agenda do ministro<\/a>. Nesta manh\u00e3, o compromisso foi modificado e consta a participa\u00e7\u00e3o de Guedes, a partir das 14h30, da 8\u00aa Reuni\u00e3o do Conselho de Governo, no Pal\u00e1cio do Planalto.<\/p>\n<p>Em nota, o Minist\u00e9rio da Economia afirma que a equipe da Secretaria Especial de Previd\u00eancia do Trabalho representar\u00e1 o ministro na audi\u00eancia.<\/p>\n<p>\u201cO Minist\u00e9rio da Economia informa que a equipe t\u00e9cnica e jur\u00eddica da Secretaria Especial de Previd\u00eancia e Trabalho estar\u00e1 \u00e0 disposi\u00e7\u00e3o para representar o ministro Paulo Guedes na Comiss\u00e3o de Constitui\u00e7\u00e3o e Justi\u00e7a e de Cidadania da C\u00e2mara dos Deputados para esclarecer pontos da PEC 06\/2019, nesta ter\u00e7a-feira, 26 de mar\u00e7o. A ida do ministro da Economia \u00e0 CCJ ser\u00e1 mais produtiva a partir da defini\u00e7\u00e3o do relator\u201d.<\/p>\n<p>Os parlamentares querem esclarecimentos sobre pontos da medida, a reforma previdenci\u00e1ria dos militares, a reestrutura\u00e7\u00e3o da carreira das For\u00e7as Armadas e a necessidade de mudan\u00e7a do sistema de Previd\u00eancia Social do pa\u00eds.<\/p>\n","protected":false},"excerpt":{"rendered":"<p>O ministro da Economia, Paulo Guedes, n\u00e3o participar\u00e1 de audi\u00eancia na Comiss\u00e3o de Constitui\u00e7\u00e3o e&#8230;<\/p>\n","protected":false},"author":1,"featured_media":0,"comment_status":"closed","ping_status":"closed","sticky":false,"template":"","format":"standard","meta":{"footnotes":""},"categories":[9],"tags":[],"class_list":["post-29437","post","type-post","status-publish","format-standard","hentry","category-economia"],"_links":{"self":[{"href":"https:\/\/www.corumbaonline.com.br\/news\/wp-json\/wp\/v2\/posts\/29437","targetHints":{"allow":["GET"]}}],"collection":[{"href":"https:\/\/www.corumbaonline.com.br\/news\/wp-json\/wp\/v2\/posts"}],"about":[{"href":"https:\/\/www.corumbaonline.com.br\/news\/wp-json\/wp\/v2\/types\/post"}],"author":[{"embeddable":true,"href":"https:\/\/www.corumbaonline.com.br\/news\/wp-json\/wp\/v2\/users\/1"}],"replies":[{"embeddable":true,"href":"https:\/\/www.corumbaonline.com.br\/news\/wp-json\/wp\/v2\/comments?post=29437"}],"version-history":[{"count":1,"href":"https:\/\/www.corumbaonline.com.br\/news\/wp-json\/wp\/v2\/posts\/29437\/revisions"}],"predecessor-version":[{"id":29438,"href":"https:\/\/www.corumbaonline.com.br\/news\/wp-json\/wp\/v2\/posts\/29437\/revisions\/29438"}],"wp:attachment":[{"href":"https:\/\/www.corumbaonline.com.br\/news\/wp-json\/wp\/v2\/media?parent=29437"}],"wp:term":[{"taxonomy":"category","embeddable":true,"href":"https:\/\/www.corumbaonline.com.br\/news\/wp-json\/wp\/v2\/categories?post=29437"},{"taxonomy":"post_tag","embeddable":true,"href":"https:\/\/www.corumbaonline.com.br\/news\/wp-json\/wp\/v2\/tags?post=29437"}],"curies":[{"name":"wp","href":"https:\/\/api.w.org\/{rel}","templated":true}]}}