{"id":29442,"date":"2019-03-26T11:17:08","date_gmt":"2019-03-26T15:17:08","guid":{"rendered":"http:\/\/www.corumbaonline.com.br\/news\/?p=29442"},"modified":"2019-03-26T11:36:08","modified_gmt":"2019-03-26T15:36:08","slug":"prefeitura-convoca-moradores-da-quadra-58-do-ana-brites-para-regularizacao","status":"publish","type":"post","link":"https:\/\/www.corumbaonline.com.br\/news\/prefeitura-convoca-moradores-da-quadra-58-do-ana-brites-para-regularizacao\/","title":{"rendered":"Prefeitura convoca moradores da quadra 58 do Ana Brites para regulariza\u00e7\u00e3o"},"content":{"rendered":"\n<p>A Prefeitura de Corumb\u00e1, por meio da Secretaria Municipal de Infraestrutura e Servi\u00e7os P\u00fablicos, convoca os moradores da quadra 58 do Conjunto Habitacional Ana de F\u00e1tima Brites Moreira para regulariza\u00e7\u00e3o a situa\u00e7\u00e3o do seu im\u00f3vel com o Cart\u00f3rio do 1\u00ba Oficio.<\/p>\n\n\n\n<p>O processo teve in\u00edcio nesta, ter\u00e7a-feira, 26 de mar\u00e7o e vai at\u00e9 o dia 26 de abril no antigo Hotel Galileo, localizado na rua Frei Mariano, esquina com a avenida General Rondon, das 7h30 horas \u00e0s 13 horas.<\/p>\n\n\n\n<p>A Ger\u00eancia de Regulariza\u00e7\u00e3o Fundi\u00e1ria informa ainda que aqueles que n\u00e3o entregarem os documentos no prazo determinado n\u00e3o ser\u00e3o contemplados com a isen\u00e7\u00e3o das taxas de certid\u00f5es fornecidas pela Prefeitura.<\/p>\n\n\n\n<p>Os contemplados devem apresentar documentos pessoais: RG e CPF (se for casado, \u00e9 necess\u00e1rio de ambos); comprovante de endere\u00e7o: conta de \u00e1gua ou luz; certid\u00e3o de nascimento atualizada; documento de estado civil: se for casado, Certid\u00e3o de Casamento atualizada ou Certid\u00e3o de Uni\u00e3o Est\u00e1vel; se for divorciado, Certid\u00e3o de Casamento Averbada; Recibo do Cart\u00f3rio (1\u00ba Oficio) da taxa de recolhimento do valor de R$ 125,70.<\/p>\n\n\n\n<p>Qualquer d\u00favida pode ser sanda com o Gerente de Regulariza\u00e7\u00e3o Fundi\u00e1ria, Vanderson Magalh\u00e3es, pelo n\u00famero 3907-5587. Os moradores convocados nesta fase s\u00e3o:<\/p>\n\n\n\n<p><strong>LISTAGEM DE CONTEMPLADOS DA QUADRA 58 DO CONJUNTO \u201cANA DE F\u00c1TIMA BRITES MOREIRA\u201d<\/strong><\/p>\n\n\n\n<table class=\"wp-block-table\"><tbody><tr><td>NOME<\/td><td>LOTE<\/td><\/tr><tr><td>ALICE GUSMON CALONGA<\/td><td>63<\/td><\/tr><tr><td>ANA MARIA F. MALDONADO<\/td><td>1<\/td><\/tr><tr><td>ARMINDA MARIA DA SILVA<\/td><td>19<\/td><\/tr><tr><td>AURORA DOURADO RAMIRES<\/td><td>31<\/td><\/tr><tr><td>BEATRIZ ROS\u00c1LIA OLIVEIRA SOUZA<\/td><td>14<\/td><\/tr><tr><td>BERENICE FERNANDES EGAS<\/td><td>71<\/td><\/tr><tr><td>CRISTIAN BENICIO DE OLIVEIRA<\/td><td>42<\/td><\/tr><tr><td>CRISTIANE NEVES DA SILVA<\/td><td>70<\/td><\/tr><tr><td>DANTIELA SALES DE AZEVEDO<\/td><td>5<\/td><\/tr><tr><td>DAYANA BRAVO SURUBI<\/td><td>34<\/td><\/tr><tr><td>DELMIRA NEUZALINA CRUZ<\/td><td>49<\/td><\/tr><tr><td>DINA ROSA DA SILVA R\u00d4AS<\/td><td>66<\/td><\/tr><tr><td>DORCAS VELASCO DA COSTA<\/td><td>41<\/td><\/tr><tr><td>EDIELIRAM KAROLINE RODRIGUES<\/td><td>50<\/td><\/tr><tr><td>ELINEIDE MASSABI COSTA<\/td><td>40<\/td><\/tr><tr><td>ELIZABETH BORGES AJALA<\/td><td>51<\/td><\/tr><tr><td>ENILDE MARIA MAN\u00c7O<\/td><td>25<\/td><\/tr><tr><td>ESTELITA AREVALO RIBEIRO<\/td><td>16<\/td><\/tr><tr><td>EVA MARIA VALENTIM DA SILVA<\/td><td>47<\/td><\/tr><tr><td>FABIANE DO NASCIMENTO<\/td><td>33<\/td><\/tr><tr><td>F\u00c1BIO REGENOLD MARQUES<\/td><td>52<\/td><\/tr><tr><td>F\u00c1TIMA PEREIRA MOSCIARO<\/td><td>38<\/td><\/tr><tr><td>FLAVIA SEREM PEREIRA LEITE<\/td><td>23<\/td><\/tr><tr><td>FLORINDA VERGILIO<\/td><td>35<\/td><\/tr><tr><td>GRACIELY DE NASCIMENTO RODRIGUES<\/td><td>10<\/td><\/tr><tr><td>GREYCE ADRIANA MARQUES FRANCISCO<\/td><td>3<\/td><\/tr><tr><td>IN\u00caS CALONGA<\/td><td>62<\/td><\/tr><tr><td>IRACEMI PEREIRA DA CRUZ<\/td><td>55<\/td><\/tr><tr><td>IVANIL RENI PEREIRA<\/td><td>39<\/td><\/tr><tr><td>JAMILTON ERVES DA SILVA<\/td><td>56<\/td><\/tr><tr><td>JOANA MARIA DA SILVA<\/td><td>53<\/td><\/tr><tr><td>KARINA APARECIDA C\u00c2NDIDA SILVA<\/td><td>57<\/td><\/tr><tr><td>KEITH NEVES MARTINS<\/td><td>58<\/td><\/tr><tr><td>LARIANE PRISCILLA PADILHA<\/td><td>61<\/td><\/tr><tr><td>LAURA HELENA SOARES GREG\u00d3RIO<\/td><td>22<\/td><\/tr><tr><td>LAURA KELIS CORREA RODRIGUES<\/td><td>37<\/td><\/tr><tr><td>LAURIANY RODRIGUES DA SILVA<\/td><td>54<\/td><\/tr><tr><td>LAZARA MARIA GUIMAR\u00c3ES<\/td><td>15<\/td><\/tr><tr><td>LECIL F\u00c1TIMA FERREIRA<\/td><td>13<\/td><\/tr><tr><td>LEONICE DA CUNHA<\/td><td>9<\/td><\/tr><tr><td>LET\u00cdCIA CAROLINE CORREA RODRIGUES<\/td><td>69<\/td><\/tr><tr><td>LUCIA F\u00c1TIMA CORREIA CAVASSA<\/td><td>65<\/td><\/tr><tr><td>LUCIANO CALONGA GUSMOM<\/td><td>46<\/td><\/tr><tr><td>LUCILENE GOMES DOS SANTOS<\/td><td>20<\/td><\/tr><tr><td>MARCO FRANCO RIBAS<\/td><td>27<\/td><\/tr><tr><td>MARIA AUGUSTA ERVES FERNANDES<\/td><td>26<\/td><\/tr><tr><td>MARIA AUXILIADORA CINIRA DA SILVA<\/td><td>60<\/td><\/tr><tr><td>MARIA DE F\u00c1TIMA SANTANA<\/td><td>24<\/td><\/tr><tr><td>MARIA MARLENE DE JESUS<\/td><td>4<\/td><\/tr><tr><td>NARCISO CANDIDO DOS SANTOS<\/td><td>72<\/td><\/tr><tr><td>NATALIA PINTO DE ARRUDA&nbsp; TERTULIANO<\/td><td>32<\/td><\/tr><tr><td>NELIDA ISABEL F. MALDONADO<\/td><td>18<\/td><\/tr><tr><td>OSCALINDA BARROS<\/td><td>36<\/td><\/tr><tr><td>RAMONA CASTELLO DA SILVA<\/td><td>8<\/td><\/tr><tr><td>RAMONA DAMAZIA DA SILVA<\/td><td>67<\/td><\/tr><tr><td>RICARDA CONTRERA ROCHA<\/td><td>11<\/td><\/tr><tr><td>ROSA LUC\u00c9LIA SOARES MONGELO<\/td><td>44<\/td><\/tr><tr><td>ROSA MACIA LIMA<\/td><td>7<\/td><\/tr><tr><td>ROSILDA FELIX DE QUADRA<\/td><td>21<\/td><\/tr><tr><td>ROSILENE IBANEZ CABRAL<\/td><td>48<\/td><\/tr><tr><td>SCHEILA APARECIDA DA ROCHA<\/td><td>68<\/td><\/tr><tr><td>SERGIO ENRIQUE DA SILVA ROAS<\/td><td>12<\/td><\/tr><tr><td>SINARA MARGARIDA ARROYO MARTINS<\/td><td>2<\/td><\/tr><tr><td>TATIANA SANABRIA DE BARROS<\/td><td>45<\/td><\/tr><tr><td>TATINE SANABRIA DE BARROS<\/td><td>17<\/td><\/tr><tr><td>VIVIANE MELGAR<\/td><td>6<\/td><\/tr><tr><td>WALMIR DA SILVA<\/td><td>59<\/td><\/tr><tr><td>Z\u00c9LIA BIBIANA PEREIRA<\/td><td>43<\/td><\/tr><\/tbody><\/table>\n","protected":false},"excerpt":{"rendered":"<p>A Prefeitura de Corumb\u00e1, por meio da Secretaria Municipal de Infraestrutura e Servi\u00e7os P\u00fablicos, convoca&#8230;<\/p>\n","protected":false},"author":1,"featured_media":0,"comment_status":"closed","ping_status":"closed","sticky":false,"template":"","format":"standard","meta":{"footnotes":""},"categories":[14],"tags":[],"class_list":["post-29442","post","type-post","status-publish","format-standard","hentry","category-geral"],"_links":{"self":[{"href":"https:\/\/www.corumbaonline.com.br\/news\/wp-json\/wp\/v2\/posts\/29442","targetHints":{"allow":["GET"]}}],"collection":[{"href":"https:\/\/www.corumbaonline.com.br\/news\/wp-json\/wp\/v2\/posts"}],"about":[{"href":"https:\/\/www.corumbaonline.com.br\/news\/wp-json\/wp\/v2\/types\/post"}],"author":[{"embeddable":true,"href":"https:\/\/www.corumbaonline.com.br\/news\/wp-json\/wp\/v2\/users\/1"}],"replies":[{"embeddable":true,"href":"https:\/\/www.corumbaonline.com.br\/news\/wp-json\/wp\/v2\/comments?post=29442"}],"version-history":[{"count":1,"href":"https:\/\/www.corumbaonline.com.br\/news\/wp-json\/wp\/v2\/posts\/29442\/revisions"}],"predecessor-version":[{"id":29443,"href":"https:\/\/www.corumbaonline.com.br\/news\/wp-json\/wp\/v2\/posts\/29442\/revisions\/29443"}],"wp:attachment":[{"href":"https:\/\/www.corumbaonline.com.br\/news\/wp-json\/wp\/v2\/media?parent=29442"}],"wp:term":[{"taxonomy":"category","embeddable":true,"href":"https:\/\/www.corumbaonline.com.br\/news\/wp-json\/wp\/v2\/categories?post=29442"},{"taxonomy":"post_tag","embeddable":true,"href":"https:\/\/www.corumbaonline.com.br\/news\/wp-json\/wp\/v2\/tags?post=29442"}],"curies":[{"name":"wp","href":"https:\/\/api.w.org\/{rel}","templated":true}]}}