{"id":29446,"date":"2019-03-27T09:00:55","date_gmt":"2019-03-27T13:00:55","guid":{"rendered":"http:\/\/www.corumbaonline.com.br\/news\/?p=29446"},"modified":"2019-03-27T09:22:23","modified_gmt":"2019-03-27T13:22:23","slug":"prefeitura-realiza-pintura-das-faixas-de-pedestres-na-frente-das-escolas","status":"publish","type":"post","link":"https:\/\/www.corumbaonline.com.br\/news\/prefeitura-realiza-pintura-das-faixas-de-pedestres-na-frente-das-escolas\/","title":{"rendered":"Prefeitura realiza pintura das faixas de pedestres na frente das escolas"},"content":{"rendered":"<p>A prefeitura por meio da Agetrat &#8211; Ag\u00eancia Municipal de Tr\u00e2nsito e Transporte de Corumb\u00e1 est\u00e1 realizando uma a\u00e7\u00e3o segura de volta \u00e0s aulas e com isso est\u00e1 pintando as faixas de pedestres e quebra-molas que existem na frente das escolas.<\/p>\n<p>De acordo com o diretor da Agetrat Alexandre do Carmo Taques Vasconcelos, essa a\u00e7\u00e3o \u00e9 um pedido do Prefeito Marcelo Iunes para manter as crian\u00e7as mais seguras.<\/p>\n<p>\u201cEssa pintura est\u00e1 sendo feita para que as nossas crian\u00e7as tenham maior prote\u00e7\u00e3o quando forem atravessar a rua na frente das escolas. Estamos diariamente na porta das escolas pintando as faixas de pedestres e quebra-molas. Ao todo onze das 37 escolas j\u00e1 receberam a pintura.\u201d, explicou Alexandre.<\/p>\n<p>Heverson Souza Costa, pai da aluna Thayzi Vit\u00f3ria que est\u00e1 no 5\u00b0 ano da escola Delc\u00eddio do Amaral, lembra que quase j\u00e1 foi atropelado com sua filha ao atravessar a passarela elevada para chegar \u00e0 escola Delcidio.<\/p>\n<p>\u201cN\u00f3s quase j\u00e1 fomos atropelados ao atravessar, pois ainda existem motoristas que n\u00e3o respeitam as leis de tr\u00e2nsito. Agora espero que com a faixa de pedestre novinha, pintadinha os motoristas consigam enxergar e parem para que os nossos filhos possam passar\u201d, pontuou Herverson.<\/p>\n<p>Cau\u00e3 J\u00fanior, aluno da escola, lembra como era a faixa antes e como est\u00e1 agora, \u201cantes quase n\u00e3o vimos \u00e0 faixa, agora ela est\u00e1 bem vis\u00edvel e os carros podem v\u00ea-la de longe, e isso nos d\u00e1 uma seguran\u00e7a maior. Al\u00e9m de podermos usar a educa\u00e7\u00e3o no tr\u00e2nsito, que aprendemos aqui na escola\u201d.<\/p>\n<p>Para a diretora da escola municipal Delcidio do Amaral, Vera Lucia Amorim Ara\u00fajo, essa pintura vem auxiliar o trabalho que realizamos com nossas crian\u00e7as.<\/p>\n<p>\u201cN\u00f3s ficamos na porta para recebermos nossos alunos e essa pintura vem nos ajudar no trabalho de educa\u00e7\u00e3o no tr\u00e2nsito que realizamos com nossos alunos, ensinando a maneira correta ao atravessar a passarela\u201d, explicou Vera.<\/p>\n<p>Al\u00e9m desse trabalho de pintura das faixas de pedestre a Agetrat tamb\u00e9m realiza visitas nas escolas e fiscaliza a entrada e a sa\u00edda nas portas das escolas coordenando o tr\u00e2nsito no local.<\/p>\n<p>\u201cEste ano n\u00f3s j\u00e1 realizamos 101 visitas nas portas das escolas, al\u00e9m de fazermos algumas a\u00e7\u00f5es de educa\u00e7\u00e3o para o tr\u00e2nsito, pois ainda existe uma falta de educa\u00e7\u00e3o, dos motoristas que insistem em n\u00e3o respeitar a faixa de pedestre e dos pais que n\u00e3o atravessam nela\u201d, concluiu Alexandre.<\/p>\n<p>Ag\u00eancia de tr\u00e2nsito tamb\u00e9m est\u00e1 refor\u00e7ando as pinturas das vagas de moto t\u00e1xi, as vagas para ve\u00edculos na \u00e1rea central da cidade e a reposi\u00e7\u00e3o de algumas placas de sinaliza\u00e7\u00e3o.<\/p>\n","protected":false},"excerpt":{"rendered":"<p>A prefeitura por meio da Agetrat &#8211; Ag\u00eancia Municipal de Tr\u00e2nsito e Transporte de Corumb\u00e1&#8230;<\/p>\n","protected":false},"author":1,"featured_media":29447,"comment_status":"closed","ping_status":"closed","sticky":false,"template":"","format":"standard","meta":{"footnotes":""},"categories":[8,14],"tags":[],"class_list":["post-29446","post","type-post","status-publish","format-standard","has-post-thumbnail","hentry","category-destaque","category-geral"],"_links":{"self":[{"href":"https:\/\/www.corumbaonline.com.br\/news\/wp-json\/wp\/v2\/posts\/29446","targetHints":{"allow":["GET"]}}],"collection":[{"href":"https:\/\/www.corumbaonline.com.br\/news\/wp-json\/wp\/v2\/posts"}],"about":[{"href":"https:\/\/www.corumbaonline.com.br\/news\/wp-json\/wp\/v2\/types\/post"}],"author":[{"embeddable":true,"href":"https:\/\/www.corumbaonline.com.br\/news\/wp-json\/wp\/v2\/users\/1"}],"replies":[{"embeddable":true,"href":"https:\/\/www.corumbaonline.com.br\/news\/wp-json\/wp\/v2\/comments?post=29446"}],"version-history":[{"count":1,"href":"https:\/\/www.corumbaonline.com.br\/news\/wp-json\/wp\/v2\/posts\/29446\/revisions"}],"predecessor-version":[{"id":29448,"href":"https:\/\/www.corumbaonline.com.br\/news\/wp-json\/wp\/v2\/posts\/29446\/revisions\/29448"}],"wp:featuredmedia":[{"embeddable":true,"href":"https:\/\/www.corumbaonline.com.br\/news\/wp-json\/wp\/v2\/media\/29447"}],"wp:attachment":[{"href":"https:\/\/www.corumbaonline.com.br\/news\/wp-json\/wp\/v2\/media?parent=29446"}],"wp:term":[{"taxonomy":"category","embeddable":true,"href":"https:\/\/www.corumbaonline.com.br\/news\/wp-json\/wp\/v2\/categories?post=29446"},{"taxonomy":"post_tag","embeddable":true,"href":"https:\/\/www.corumbaonline.com.br\/news\/wp-json\/wp\/v2\/tags?post=29446"}],"curies":[{"name":"wp","href":"https:\/\/api.w.org\/{rel}","templated":true}]}}