{"id":29449,"date":"2019-03-27T09:10:46","date_gmt":"2019-03-27T13:10:46","guid":{"rendered":"http:\/\/www.corumbaonline.com.br\/news\/?p=29449"},"modified":"2019-03-27T09:24:52","modified_gmt":"2019-03-27T13:24:52","slug":"presidente-do-inep-e-exonerado","status":"publish","type":"post","link":"https:\/\/www.corumbaonline.com.br\/news\/presidente-do-inep-e-exonerado\/","title":{"rendered":"Presidente do Inep \u00e9 exonerado"},"content":{"rendered":"<p>O professor Marcus Vinicius Carvalho Rodrigues foi demitido ontem (26) do\u00a0cargo de presidente do Instituto Nacional de Estudos e Pesquisas Educacionais An\u00edsio Teixeira (Inep). A\u00a0<a href=\"http:\/\/www.in.gov.br\/materia\/-\/asset_publisher\/Kujrw0TZC2Mb\/content\/id\/68604499\" target=\"_blank\" rel=\"noopener\">portaria<\/a>\u00a0assinada pelo ministro da Casa Civil, Onyx Lorenzoni, foi publicada em edi\u00e7\u00e3o extra do Di\u00e1rio Oficial da Uni\u00e3o.<\/p>\n<p>Rodrigues assumiu o cargo no \u00faltimo dia 22 de janeiro, em substitui\u00e7\u00e3o a Maria In\u00eas Fini, que ocupava a presid\u00eancia do Inep desde 2016.<\/p>\n<p>Doutor em Engenharia da Produ\u00e7\u00e3o e mestre em Administra\u00e7\u00e3o de Empresas, Rodrigues foi professores da Funda\u00e7\u00e3o Get\u00falio Vargas.<\/p>\n<p>O Inep \u00e9 vinculado ao Minist\u00e9rio da Educa\u00e7\u00e3o e respons\u00e1vel pelo Exame Nacional do Ensino M\u00e9dio (Enem) e pelo Exame Nacional para Certifica\u00e7\u00e3o de Compet\u00eancias de Jovens e Adultos (Encceja).<\/p>\n<div class=\"dnd-widget-wrapper context-grande_6colunas type-image atom-align-center\">\n<div class=\"dnd-atom-rendered\">\n<figure class=\"mejs-fotoh-wrapper\"><img decoding=\"async\" class=\"img-responsive full full\" title=\"Marcelo Camargo\/Ag\u00eancia Brasil\" src=\"http:\/\/imagens.ebc.com.br\/HBocLoYlzVeRrBPxNVlcOD9_kB8=\/463x0\/smart\/http:\/\/agenciabrasil.ebc.com.br\/sites\/default\/files\/thumbnails\/image\/img_5392df.jpg?itok=rBdywuuE\" alt=\"O novo presidente do Instituto Nacional de Estudos e Pesquisas Educacionais An\u00edsio Teixeira, Inep, Marcus Vin\u00edcius Rodrigues. \" \/><\/figure>\n<\/div>\n<div class=\"dnd-caption-wrapper\">\n<h5 class=\"meta rtecenter\">Marcus Vin\u00edcius Rodrigues. &#8211;<strong>\u00a0Arquivo &#8211;\u00a0Marcelo Camargo\/Ag\u00eancia Brasil<\/strong><\/h5>\n<\/div>\n<\/div>\n","protected":false},"excerpt":{"rendered":"<p>O professor Marcus Vinicius Carvalho Rodrigues foi demitido ontem (26) do\u00a0cargo de presidente do Instituto&#8230;<\/p>\n","protected":false},"author":1,"featured_media":0,"comment_status":"closed","ping_status":"closed","sticky":false,"template":"","format":"standard","meta":{"footnotes":""},"categories":[19],"tags":[],"class_list":["post-29449","post","type-post","status-publish","format-standard","hentry","category-politica"],"_links":{"self":[{"href":"https:\/\/www.corumbaonline.com.br\/news\/wp-json\/wp\/v2\/posts\/29449","targetHints":{"allow":["GET"]}}],"collection":[{"href":"https:\/\/www.corumbaonline.com.br\/news\/wp-json\/wp\/v2\/posts"}],"about":[{"href":"https:\/\/www.corumbaonline.com.br\/news\/wp-json\/wp\/v2\/types\/post"}],"author":[{"embeddable":true,"href":"https:\/\/www.corumbaonline.com.br\/news\/wp-json\/wp\/v2\/users\/1"}],"replies":[{"embeddable":true,"href":"https:\/\/www.corumbaonline.com.br\/news\/wp-json\/wp\/v2\/comments?post=29449"}],"version-history":[{"count":1,"href":"https:\/\/www.corumbaonline.com.br\/news\/wp-json\/wp\/v2\/posts\/29449\/revisions"}],"predecessor-version":[{"id":29450,"href":"https:\/\/www.corumbaonline.com.br\/news\/wp-json\/wp\/v2\/posts\/29449\/revisions\/29450"}],"wp:attachment":[{"href":"https:\/\/www.corumbaonline.com.br\/news\/wp-json\/wp\/v2\/media?parent=29449"}],"wp:term":[{"taxonomy":"category","embeddable":true,"href":"https:\/\/www.corumbaonline.com.br\/news\/wp-json\/wp\/v2\/categories?post=29449"},{"taxonomy":"post_tag","embeddable":true,"href":"https:\/\/www.corumbaonline.com.br\/news\/wp-json\/wp\/v2\/tags?post=29449"}],"curies":[{"name":"wp","href":"https:\/\/api.w.org\/{rel}","templated":true}]}}