{"id":29451,"date":"2019-03-27T09:17:50","date_gmt":"2019-03-27T13:17:50","guid":{"rendered":"http:\/\/www.corumbaonline.com.br\/news\/?p=29451"},"modified":"2019-03-27T09:30:59","modified_gmt":"2019-03-27T13:30:59","slug":"deputados-aprovam-pec-do-orcamento-impositivo-texto-vai-para-o-senado","status":"publish","type":"post","link":"https:\/\/www.corumbaonline.com.br\/news\/deputados-aprovam-pec-do-orcamento-impositivo-texto-vai-para-o-senado\/","title":{"rendered":"Deputados aprovam PEC do Or\u00e7amento Impositivo; texto vai para o Senado"},"content":{"rendered":"<p>A C\u00e2mara dos Deputados aprovou em dois turnos, na noite de ontem (26), a Proposta de Emenda Constitucional (PEC) do Or\u00e7amento Impositivo. Com isso, o governo federal \u00e9 obrigado a liberar a verba de emendas parlamentares para a\u00e7\u00f5es previstas no Or\u00e7amento para a execu\u00e7\u00e3o das emendas coletivas de bancada. A proposta segue para o Senado.<\/p>\n<p>As chamadas emendas de bancada s\u00e3o as que s\u00e3o apresentadas por deputados e senadores de cada estado, com o objeto de a\u00e7\u00f5es espec\u00edficas naquela unidade da Federa\u00e7\u00e3o.<\/p>\n<p>Atualmente, j\u00e1 \u00e9 impositivo o total das emendas individuais dos parlamentares, sendo que metade do valor deve ser aplicado em sa\u00fade. O valor est\u00e1 sujeito ao teto dos gastos aprovado em 2016.<\/p>\n<p>A proposta para ampliar o or\u00e7amento impositivo, de autoria do deputado H\u00e9lio Leite (DEM-PA), precisava ser votadas em dois turnos na C\u00e2mara, e ambos ocorreram na noite de hoje. Em primeiro turno, a PEC foi aprovada por 448 a 3. No segundo turno, a aprova\u00e7\u00e3o teve um placar de 453 a 6.<\/p>\n","protected":false},"excerpt":{"rendered":"<p>A C\u00e2mara dos Deputados aprovou em dois turnos, na noite de ontem (26), a Proposta&#8230;<\/p>\n","protected":false},"author":1,"featured_media":0,"comment_status":"closed","ping_status":"closed","sticky":false,"template":"","format":"standard","meta":{"footnotes":""},"categories":[19],"tags":[],"class_list":["post-29451","post","type-post","status-publish","format-standard","hentry","category-politica"],"_links":{"self":[{"href":"https:\/\/www.corumbaonline.com.br\/news\/wp-json\/wp\/v2\/posts\/29451","targetHints":{"allow":["GET"]}}],"collection":[{"href":"https:\/\/www.corumbaonline.com.br\/news\/wp-json\/wp\/v2\/posts"}],"about":[{"href":"https:\/\/www.corumbaonline.com.br\/news\/wp-json\/wp\/v2\/types\/post"}],"author":[{"embeddable":true,"href":"https:\/\/www.corumbaonline.com.br\/news\/wp-json\/wp\/v2\/users\/1"}],"replies":[{"embeddable":true,"href":"https:\/\/www.corumbaonline.com.br\/news\/wp-json\/wp\/v2\/comments?post=29451"}],"version-history":[{"count":1,"href":"https:\/\/www.corumbaonline.com.br\/news\/wp-json\/wp\/v2\/posts\/29451\/revisions"}],"predecessor-version":[{"id":29452,"href":"https:\/\/www.corumbaonline.com.br\/news\/wp-json\/wp\/v2\/posts\/29451\/revisions\/29452"}],"wp:attachment":[{"href":"https:\/\/www.corumbaonline.com.br\/news\/wp-json\/wp\/v2\/media?parent=29451"}],"wp:term":[{"taxonomy":"category","embeddable":true,"href":"https:\/\/www.corumbaonline.com.br\/news\/wp-json\/wp\/v2\/categories?post=29451"},{"taxonomy":"post_tag","embeddable":true,"href":"https:\/\/www.corumbaonline.com.br\/news\/wp-json\/wp\/v2\/tags?post=29451"}],"curies":[{"name":"wp","href":"https:\/\/api.w.org\/{rel}","templated":true}]}}