{"id":29453,"date":"2019-03-27T09:30:42","date_gmt":"2019-03-27T13:30:42","guid":{"rendered":"http:\/\/www.corumbaonline.com.br\/news\/?p=29453"},"modified":"2019-03-27T10:23:18","modified_gmt":"2019-03-27T14:23:18","slug":"alms-deputados-devem-apreciar-pl-sobre-direito-do-consumidor-nesta-quarta-feira","status":"publish","type":"post","link":"https:\/\/www.corumbaonline.com.br\/news\/alms-deputados-devem-apreciar-pl-sobre-direito-do-consumidor-nesta-quarta-feira\/","title":{"rendered":"ALMS: Deputados devem apreciar PL sobre direito do consumidor nesta quarta-feira"},"content":{"rendered":"<p>Durante a sess\u00e3o plen\u00e1ria desta quarta-feira (27) deve ser apreciado, em segunda vota\u00e7\u00e3o, o Projeto de Lei (PL) 124\/2018, de autoria do ent\u00e3o deputado estadual Beto Pereira (PSDB). O PL pro\u00edbe que institui\u00e7\u00f5es de ensino cobrem adicional ou obriguem o fornecimento de qualquer material escolar de uso coletivo dos estudantes ou da pr\u00f3pria institui\u00e7\u00e3o.<\/p>\n<p>Conforme a justificativa da proposi\u00e7\u00e3o, a Lei Federal 12.886, de 26 de novembro de 2013, regulamentou a nulidade da cobran\u00e7a por fornecimento de qualquer material escolar de uso coletivo dos estudantes ou da institui\u00e7\u00e3o de ensino, devendo os custos correspondentes serem\u00a0sempre considerados nos c\u00e1lculos do valor das anuidades ou das semestralidades escolares.<\/p>\n<p>Para o autor do PL, \u00e9 importante a regulamenta\u00e7\u00e3o do tema no \u00e2mbito do estado de Mato Grosso do Sul. \u201cNa pr\u00e1tica, a aus\u00eancia de regulamenta\u00e7\u00e3o acerca de quais materiais seriam considerados de uso coletivo gerou grande inseguran\u00e7a jur\u00eddica tanto pelos estabelecimentos de ensino, quanto pelos pr\u00f3prios consumidores\u201d, explica Beto Pereira na justificativa do texto.<\/p>\n<p>A proposi\u00e7\u00e3o conta com pareceres favor\u00e1veis da Comiss\u00e3o de Educa\u00e7\u00e3o, Cultura, Desporto, Ci\u00eancia e Tecnologia, bem como da Comiss\u00e3o de Defesa dos Direitos do Consumidor.<\/p>\n","protected":false},"excerpt":{"rendered":"<p>Durante a sess\u00e3o plen\u00e1ria desta quarta-feira (27) deve ser apreciado, em segunda vota\u00e7\u00e3o, o Projeto&#8230;<\/p>\n","protected":false},"author":1,"featured_media":0,"comment_status":"closed","ping_status":"closed","sticky":false,"template":"","format":"standard","meta":{"footnotes":""},"categories":[19],"tags":[],"class_list":["post-29453","post","type-post","status-publish","format-standard","hentry","category-politica"],"_links":{"self":[{"href":"https:\/\/www.corumbaonline.com.br\/news\/wp-json\/wp\/v2\/posts\/29453","targetHints":{"allow":["GET"]}}],"collection":[{"href":"https:\/\/www.corumbaonline.com.br\/news\/wp-json\/wp\/v2\/posts"}],"about":[{"href":"https:\/\/www.corumbaonline.com.br\/news\/wp-json\/wp\/v2\/types\/post"}],"author":[{"embeddable":true,"href":"https:\/\/www.corumbaonline.com.br\/news\/wp-json\/wp\/v2\/users\/1"}],"replies":[{"embeddable":true,"href":"https:\/\/www.corumbaonline.com.br\/news\/wp-json\/wp\/v2\/comments?post=29453"}],"version-history":[{"count":1,"href":"https:\/\/www.corumbaonline.com.br\/news\/wp-json\/wp\/v2\/posts\/29453\/revisions"}],"predecessor-version":[{"id":29454,"href":"https:\/\/www.corumbaonline.com.br\/news\/wp-json\/wp\/v2\/posts\/29453\/revisions\/29454"}],"wp:attachment":[{"href":"https:\/\/www.corumbaonline.com.br\/news\/wp-json\/wp\/v2\/media?parent=29453"}],"wp:term":[{"taxonomy":"category","embeddable":true,"href":"https:\/\/www.corumbaonline.com.br\/news\/wp-json\/wp\/v2\/categories?post=29453"},{"taxonomy":"post_tag","embeddable":true,"href":"https:\/\/www.corumbaonline.com.br\/news\/wp-json\/wp\/v2\/tags?post=29453"}],"curies":[{"name":"wp","href":"https:\/\/api.w.org\/{rel}","templated":true}]}}