{"id":29457,"date":"2019-03-27T09:45:37","date_gmt":"2019-03-27T13:45:37","guid":{"rendered":"http:\/\/www.corumbaonline.com.br\/news\/?p=29457"},"modified":"2019-03-27T10:29:34","modified_gmt":"2019-03-27T14:29:34","slug":"tse-vai-discutir-decisao-do-stf-sobre-competencia-da-justica-eleitoral","status":"publish","type":"post","link":"https:\/\/www.corumbaonline.com.br\/news\/tse-vai-discutir-decisao-do-stf-sobre-competencia-da-justica-eleitoral\/","title":{"rendered":"TSE vai discutir decis\u00e3o do STF sobre compet\u00eancia da Justi\u00e7a Eleitoral"},"content":{"rendered":"<p>A presidente do Tribunal Superior Eleitoral (TSE), ministra Rosa Weber, criou um grupo de trabalho para analisar, em at\u00e9 60 dias, os efeitos da decis\u00e3o do Supremo Tribunal Federal (STF) que decidiu pela compet\u00eancia da Justi\u00e7a Eleitoral para julgar processos de crime comuns, como corrup\u00e7\u00e3o e lavagem de dinheiro, quando s\u00e3o investigados em conex\u00e3o com crimes eleitorais, como \u00a0caixa 2 de campanha.<\/p>\n<div class=\"dnd-widget-wrapper context-cheio_8colunas type-image\">\n<div class=\"dnd-atom-rendered\">\n<figure class=\"mejs-fotoh-wrapper\"><img decoding=\"async\" class=\"img-responsive full full\" title=\"Valter Campanato\/Ag\u00eancia Brasil\" src=\"http:\/\/imagens.ebc.com.br\/wetipBb5C3DktfjXWpbGByf_9hA=\/754x0\/smart\/http:\/\/agenciabrasil.ebc.com.br\/sites\/default\/files\/thumbnails\/image\/vac_abr_1012188632.jpg?itok=rk3mF5vB\" alt=\"A presidente do Tribunal Superior Eleitoral (TSE), ministra Rosa Weber, discursa na cerim\u00f4nia de diploma\u00e7\u00e3o do presidente eleito, Jair Bolsonaro, no TSE.\" \/><\/figure>\n<\/div>\n<div class=\"dnd-caption-wrapper\">\n<div class=\"meta\">A presidente do TSE, Rosa Weber, criou grupo de trabalho para estudar a quest\u00e3o &#8211;\u00a0<strong>Arquivo\/Ag\u00eancia Brasil<\/strong><\/div>\n<\/div>\n<\/div>\n<p>O ministro do TSE e do Superior Tribunal de Justi\u00e7a (STJ) Og Fernandes ser\u00e1 o coordenador do grupo, que deve analisar o pedido no qual a procuradora-geral da Rep\u00fablica, Raquel Dodge, pretende que os ministros autorizem ju\u00edzes federais a ter atribui\u00e7\u00f5es para julgar quest\u00f5es eleitorais.<\/p>\n<p>Ontem (25), em um of\u00edcio\u00a0enviado \u00e0 \u00a0Rosa Weber, a procuradora afirmou que a proposta visa ampliar o combate \u00e0 corrup\u00e7\u00e3o. Para entrar em vigor, o tribunal precisar\u00e1 analisar uma resolu\u00e7\u00e3o aprovada em 2002, que disciplina a atua\u00e7\u00e3o dos ju\u00edzes eleitorais.<\/p>\n<p>&#8220;Na linha destas importantes resolu\u00e7\u00f5es que atenderam a relevantes desafios \u00e0 \u00e9poca em que foram editadas, o Minist\u00e9rio P\u00fablico Eleitoral compreende que o incremento de ju\u00edzos eleitorais para processar crimes eleitorais associados \u00e0 corrup\u00e7\u00e3o, lavagem ou oculta\u00e7\u00e3o de bens, direitos e valores e praticados por organiza\u00e7\u00f5es criminosas mostra-se a melhor via para o enfrentamento do influxo de a\u00e7\u00f5es penais complexas nessa tem\u00e1tica para a Justi\u00e7a Eleitoral&#8221;, argumentou Raquel Dodge.<\/p>\n<p>Pela decis\u00e3o recente do STF, por 6 votos a 5, a Corte decidiu a favor da compet\u00eancia da Justi\u00e7a Eleitoral para investigar casos de corrup\u00e7\u00e3o quando envolverem simultaneamente caixa 2 de campanha e outros crimes comuns.<\/p>\n<p>Dessa forma, os processos contra pol\u00edticos e outras apura\u00e7\u00f5es que envolvam simultaneamente esses tipos de crimes dever\u00e3o ser enviados da Justi\u00e7a Federal, onde tramitam atualmente, para a Justi\u00e7a Eleitoral, que tem estrutura menor para supervisionar a investiga\u00e7\u00e3o, que pode terminar em condena\u00e7\u00f5es mais leves.<\/p>\n","protected":false},"excerpt":{"rendered":"<p>A presidente do Tribunal Superior Eleitoral (TSE), ministra Rosa Weber, criou um grupo de trabalho&#8230;<\/p>\n","protected":false},"author":1,"featured_media":0,"comment_status":"closed","ping_status":"closed","sticky":false,"template":"","format":"standard","meta":{"footnotes":""},"categories":[14],"tags":[],"class_list":["post-29457","post","type-post","status-publish","format-standard","hentry","category-geral"],"_links":{"self":[{"href":"https:\/\/www.corumbaonline.com.br\/news\/wp-json\/wp\/v2\/posts\/29457","targetHints":{"allow":["GET"]}}],"collection":[{"href":"https:\/\/www.corumbaonline.com.br\/news\/wp-json\/wp\/v2\/posts"}],"about":[{"href":"https:\/\/www.corumbaonline.com.br\/news\/wp-json\/wp\/v2\/types\/post"}],"author":[{"embeddable":true,"href":"https:\/\/www.corumbaonline.com.br\/news\/wp-json\/wp\/v2\/users\/1"}],"replies":[{"embeddable":true,"href":"https:\/\/www.corumbaonline.com.br\/news\/wp-json\/wp\/v2\/comments?post=29457"}],"version-history":[{"count":1,"href":"https:\/\/www.corumbaonline.com.br\/news\/wp-json\/wp\/v2\/posts\/29457\/revisions"}],"predecessor-version":[{"id":29458,"href":"https:\/\/www.corumbaonline.com.br\/news\/wp-json\/wp\/v2\/posts\/29457\/revisions\/29458"}],"wp:attachment":[{"href":"https:\/\/www.corumbaonline.com.br\/news\/wp-json\/wp\/v2\/media?parent=29457"}],"wp:term":[{"taxonomy":"category","embeddable":true,"href":"https:\/\/www.corumbaonline.com.br\/news\/wp-json\/wp\/v2\/categories?post=29457"},{"taxonomy":"post_tag","embeddable":true,"href":"https:\/\/www.corumbaonline.com.br\/news\/wp-json\/wp\/v2\/tags?post=29457"}],"curies":[{"name":"wp","href":"https:\/\/api.w.org\/{rel}","templated":true}]}}