{"id":29459,"date":"2019-03-27T10:02:56","date_gmt":"2019-03-27T14:02:56","guid":{"rendered":"http:\/\/www.corumbaonline.com.br\/news\/?p=29459"},"modified":"2019-03-27T10:32:46","modified_gmt":"2019-03-27T14:32:46","slug":"ministro-da-economia-vai-apresentar-plano-emergencial-de-apoio-aos-estados-em-30-dias-revela-reinaldo-azambuja","status":"publish","type":"post","link":"https:\/\/www.corumbaonline.com.br\/news\/ministro-da-economia-vai-apresentar-plano-emergencial-de-apoio-aos-estados-em-30-dias-revela-reinaldo-azambuja\/","title":{"rendered":"Ministro da Economia vai apresentar plano emergencial de apoio aos estados em 30 dias, revela Reinaldo Azambuja"},"content":{"rendered":"<p>Em reuni\u00e3o com o governador Reinaldo Azambuja e outros gestores estaduais nesta ter\u00e7a-feira (26), o ministro da Economia, Paulo Guedes, anunciou que o Governo Federal trabalha na elabora\u00e7\u00e3o de um plano fiscal emergencial de apoio aos 27 estados brasileiros. A proposta, que prev\u00ea a libera\u00e7\u00e3o de recursos, ser\u00e1 apresentada em 30 dias ao Congresso Nacional, onde deve ser apreciada concomitante a reforma da previd\u00eancia.<\/p>\n<p>Paulo Guedes conversou por mais de tr\u00eas horas com os gestores durante a terceira reuni\u00e3o do ano do F\u00f3rum de Governadores, realizada no Pal\u00e1cio do Buriti, em Bras\u00edlia (DF). \u201cO ministro apresentou uma s\u00e9rie de medidas para apoiar os estados. Alguns est\u00e3o praticamente insolventes, sem pagar folha salarial. Outros passam por dificuldades, conseguem honrar obriga\u00e7\u00f5es, mas tem pouca capacidade de investimentos. Essa medida ser\u00e1 para ajudar\u201d, explicou Reinaldo Azambuja.<\/p>\n<p>Segundo o gestor sul-mato-grossense, os governadores elencaram tr\u00eas medidas emergenciais para o ministro \u2013 projetos de leis que j\u00e1 tramitam no Congresso: a partilha da cess\u00e3o onerosa, que autoriza a distribui\u00e7\u00e3o da verba obtida com o leil\u00e3o de \u00e1reas do pr\u00e9-sal para estados e munic\u00edpios; a antecipa\u00e7\u00e3o de receb\u00edveis, que melhora o desempenho do custeio da m\u00e1quina p\u00fablica; e a reforma da previd\u00eancia, que vai contribuir para redu\u00e7\u00e3o do d\u00e9ficit fiscal das unidades federativas.<\/p>\n<p>\u201cTodos estados precisam dos recursos. Alguns para pagar folha, outros para fazer investimentos. Em Mato Grosso do Sul, podemos melhorar custeio, em \u00e1reas como a seguran\u00e7a p\u00fablica; aumentar investimentos na infraestrutura, em rodovias e portos; e aplicar em \u00e1reas consideradas importantes para o Estado\u201d, exemplificou o governador, acompanhado dos secret\u00e1rios Eduardo Riedel (Governo e Gest\u00e3o Estrat\u00e9gica) e Pedro Chaves (Rela\u00e7\u00f5es Institucionais).<\/p>\n<div id=\"attachment_252418\" class=\"wp-caption aligncenter\"><img loading=\"lazy\" decoding=\"async\" class=\"wp-image-252418 size-full\" src=\"http:\/\/www.ms.gov.br\/wp-content\/uploads\/sites\/150\/2019\/03\/Reuni%C3%A3o-em-Brasilia-2.jpg\" sizes=\"auto, (max-width: 1277px) 100vw, 1277px\" srcset=\"http:\/\/www.ms.gov.br\/wp-content\/uploads\/sites\/150\/2019\/03\/Reuni\u00e3o-em-Brasilia-2.jpg 1277w, http:\/\/www.ms.gov.br\/wp-content\/uploads\/sites\/150\/2019\/03\/Reuni\u00e3o-em-Brasilia-2-300x166.jpg 300w, http:\/\/www.ms.gov.br\/wp-content\/uploads\/sites\/150\/2019\/03\/Reuni\u00e3o-em-Brasilia-2-768x425.jpg 768w, http:\/\/www.ms.gov.br\/wp-content\/uploads\/sites\/150\/2019\/03\/Reuni\u00e3o-em-Brasilia-2-1024x567.jpg 1024w\" alt=\"\" width=\"1277\" height=\"707\" \/><\/p>\n<p class=\"wp-caption-text\">Encontro reuniu governadores de todo o Pa\u00eds em Bras\u00edlia<\/p>\n<\/div>\n<p>Ainda no encontro com Paulo Guedes, os governadores trataram de temas relacionados ao pacto federativo, ao Finex (Fundo de Financiamento \u00e0s Exporta\u00e7\u00f5es), \u00e0 Lei Kandir, que isenta o pagamento de ICMS (Imposto sobre Circula\u00e7\u00e3o de Mercadorias e Servi\u00e7os) as exporta\u00e7\u00f5es de produtos prim\u00e1rios e semielaborados ou servi\u00e7os.<\/p>\n","protected":false},"excerpt":{"rendered":"<p>Em reuni\u00e3o com o governador Reinaldo Azambuja e outros gestores estaduais nesta ter\u00e7a-feira (26), o&#8230;<\/p>\n","protected":false},"author":1,"featured_media":0,"comment_status":"closed","ping_status":"closed","sticky":false,"template":"","format":"standard","meta":{"footnotes":""},"categories":[19],"tags":[],"class_list":["post-29459","post","type-post","status-publish","format-standard","hentry","category-politica"],"_links":{"self":[{"href":"https:\/\/www.corumbaonline.com.br\/news\/wp-json\/wp\/v2\/posts\/29459","targetHints":{"allow":["GET"]}}],"collection":[{"href":"https:\/\/www.corumbaonline.com.br\/news\/wp-json\/wp\/v2\/posts"}],"about":[{"href":"https:\/\/www.corumbaonline.com.br\/news\/wp-json\/wp\/v2\/types\/post"}],"author":[{"embeddable":true,"href":"https:\/\/www.corumbaonline.com.br\/news\/wp-json\/wp\/v2\/users\/1"}],"replies":[{"embeddable":true,"href":"https:\/\/www.corumbaonline.com.br\/news\/wp-json\/wp\/v2\/comments?post=29459"}],"version-history":[{"count":1,"href":"https:\/\/www.corumbaonline.com.br\/news\/wp-json\/wp\/v2\/posts\/29459\/revisions"}],"predecessor-version":[{"id":29460,"href":"https:\/\/www.corumbaonline.com.br\/news\/wp-json\/wp\/v2\/posts\/29459\/revisions\/29460"}],"wp:attachment":[{"href":"https:\/\/www.corumbaonline.com.br\/news\/wp-json\/wp\/v2\/media?parent=29459"}],"wp:term":[{"taxonomy":"category","embeddable":true,"href":"https:\/\/www.corumbaonline.com.br\/news\/wp-json\/wp\/v2\/categories?post=29459"},{"taxonomy":"post_tag","embeddable":true,"href":"https:\/\/www.corumbaonline.com.br\/news\/wp-json\/wp\/v2\/tags?post=29459"}],"curies":[{"name":"wp","href":"https:\/\/api.w.org\/{rel}","templated":true}]}}