{"id":29463,"date":"2019-03-27T16:00:09","date_gmt":"2019-03-27T20:00:09","guid":{"rendered":"http:\/\/www.corumbaonline.com.br\/news\/?p=29463"},"modified":"2019-03-27T16:21:25","modified_gmt":"2019-03-27T20:21:25","slug":"educacao-ambiental-no-pantanal-pode-ser-incluida-em-calendario-de-eventos-de-ms","status":"publish","type":"post","link":"https:\/\/www.corumbaonline.com.br\/news\/educacao-ambiental-no-pantanal-pode-ser-incluida-em-calendario-de-eventos-de-ms\/","title":{"rendered":"Educa\u00e7\u00e3o ambiental no Pantanal pode ser inclu\u00edda em calend\u00e1rio de eventos de MS"},"content":{"rendered":"\n<p>O deputado estadual Evander Vendramini (PP) apresentou dois projetos de lei durante a sess\u00e3o ordin\u00e1ria desta quarta-feira, 13, na Assembleia Legislativa. O primeiro projeto trata da altera\u00e7\u00e3o da terminologia \u201cmerenda escolar\u201d para \u201calimenta\u00e7\u00e3o escolar com crit\u00e9rios\u201d nos atos administrativos p\u00fablicos e nos programas nutricionais de governo, tanto Estadual como municipais, al\u00e9m de facultar aos \u00f3rg\u00e3os da administra\u00e7\u00e3o p\u00fablica de educa\u00e7\u00e3o a disponibiliza\u00e7\u00e3o do card\u00e1pio e seus elementos nutricionais de maneira percept\u00edvel ao p\u00fablico. O segundo projeto de lei apresentado inclui a a\u00e7\u00e3o \u201cEduca\u00e7\u00e3o Ambiental no Pantanal\u201d no Calend\u00e1rio Oficial de Eventos de Mato Grosso do Sul, realizado anualmente em novembro.<\/p>\n\n\n\n<p>De acordo com Evander, o objetivo \u00e9 divulgar e valorizar o trabalho realizado pelas institui\u00e7\u00f5s que visam \u00e0 conserva\u00e7\u00e3o do Pantanal Sul-mato-grossense. \u201cA uni\u00e3o de for\u00e7as entre os poderes p\u00fablicos estadual e federal, bem como da iniciativa privada e do terceiro setor, \u00e9 de suma import\u00e2ncia para conscientizar os cidad\u00e3os de que \u00e9 imprescind\u00edvel preservar esse bioma!, argumentou.<\/p>\n\n\n\n<p>A a\u00e7\u00e3o \u201cEduca\u00e7\u00e3o Ambiental no Pantanal\u201d \u00e9 um trabalho continuado que tem como meta a mudan\u00e7a cultural, sensibilizando a sociedade para a import\u00e2ncia de se manter o equil\u00edbrio ambiental. \u201c\u00c9 uma forma de construir uma melhor qualidade de vida da popula\u00e7\u00e3o, principalmente dos que vivem na regi\u00e3o pantaneira e, sobretudo, os ribeirinhos\u201d, finalizou o parlamentar.<\/p>\n","protected":false},"excerpt":{"rendered":"<p>O deputado estadual Evander Vendramini (PP) apresentou dois projetos de lei durante a sess\u00e3o ordin\u00e1ria&#8230;<\/p>\n","protected":false},"author":1,"featured_media":29464,"comment_status":"closed","ping_status":"closed","sticky":false,"template":"","format":"standard","meta":{"footnotes":""},"categories":[19],"tags":[],"class_list":["post-29463","post","type-post","status-publish","format-standard","has-post-thumbnail","hentry","category-politica"],"_links":{"self":[{"href":"https:\/\/www.corumbaonline.com.br\/news\/wp-json\/wp\/v2\/posts\/29463","targetHints":{"allow":["GET"]}}],"collection":[{"href":"https:\/\/www.corumbaonline.com.br\/news\/wp-json\/wp\/v2\/posts"}],"about":[{"href":"https:\/\/www.corumbaonline.com.br\/news\/wp-json\/wp\/v2\/types\/post"}],"author":[{"embeddable":true,"href":"https:\/\/www.corumbaonline.com.br\/news\/wp-json\/wp\/v2\/users\/1"}],"replies":[{"embeddable":true,"href":"https:\/\/www.corumbaonline.com.br\/news\/wp-json\/wp\/v2\/comments?post=29463"}],"version-history":[{"count":1,"href":"https:\/\/www.corumbaonline.com.br\/news\/wp-json\/wp\/v2\/posts\/29463\/revisions"}],"predecessor-version":[{"id":29465,"href":"https:\/\/www.corumbaonline.com.br\/news\/wp-json\/wp\/v2\/posts\/29463\/revisions\/29465"}],"wp:featuredmedia":[{"embeddable":true,"href":"https:\/\/www.corumbaonline.com.br\/news\/wp-json\/wp\/v2\/media\/29464"}],"wp:attachment":[{"href":"https:\/\/www.corumbaonline.com.br\/news\/wp-json\/wp\/v2\/media?parent=29463"}],"wp:term":[{"taxonomy":"category","embeddable":true,"href":"https:\/\/www.corumbaonline.com.br\/news\/wp-json\/wp\/v2\/categories?post=29463"},{"taxonomy":"post_tag","embeddable":true,"href":"https:\/\/www.corumbaonline.com.br\/news\/wp-json\/wp\/v2\/tags?post=29463"}],"curies":[{"name":"wp","href":"https:\/\/api.w.org\/{rel}","templated":true}]}}