{"id":29479,"date":"2019-03-28T09:07:33","date_gmt":"2019-03-28T13:07:33","guid":{"rendered":"http:\/\/www.corumbaonline.com.br\/news\/?p=29479"},"modified":"2019-03-28T09:28:17","modified_gmt":"2019-03-28T13:28:17","slug":"deputado-evander-pede-informacoes-sobre-repasses-para-agentes-comunitarios-de-saude","status":"publish","type":"post","link":"https:\/\/www.corumbaonline.com.br\/news\/deputado-evander-pede-informacoes-sobre-repasses-para-agentes-comunitarios-de-saude\/","title":{"rendered":"Deputado Evander pede informa\u00e7\u00f5es sobre repasses para agentes comunit\u00e1rios de sa\u00fade"},"content":{"rendered":"\n<p>Durante a sess\u00e3o parlamentar desta quarta-feira, 27, o deputado estadual Evander Vendramini (PP) solicitou que o Governo do Estado e a Secretaria de Estado de Sa\u00fade informem sobre os repasses do Incentivo Estadual ao Fundo Estadual de Sa\u00fade e aos fundos municipais que tratam da produtividade dos agentes comunit\u00e1rios de sa\u00fade do Estado. Os dados questionados se referem aos meses de janeiro e fevereiro deste ano, conforme previsto na Lei 4.841\/2016.<br><\/p>\n\n\n\n<p>O parlamentar informou que, de acordo com a categoria, os repasses do per\u00edodo n\u00e3o foram realizados at\u00e9 o momento. \u201cO atraso prejudica o dia a dia desses servidores que, independente de qualquer obst\u00e1culo, trabalham diuturnamente para melhorar nossa qualidade de vida, sobretudo nesta \u00e9poca do ano, quando ocorrem casos de dengue. Caso esses repasses ainda n\u00e3o tenham sido efetuados, que o Executivo o fa\u00e7a o mais r\u00e1pido poss\u00edvel\u201d, salientou Evander.<br><\/p>\n\n\n\n<p>A Lei 4.841\/2016 fixa metas para conceder&nbsp;incentivos financeiros aos agentes de sa\u00fade. Entram na regra tamb\u00e9m os agentes de combate a endemias, de sa\u00fade ind\u00edgena, de sa\u00fade p\u00fablica, de vigil\u00e2ncia epidemiol\u00f3gica e guardas de endemias. Entre os indicadores de produtividade, est\u00e3o realizar visitas domiciliares em 85% das resid\u00eancias, 85% das gestantes cadastradas, crian\u00e7as, entre outros.<\/p>\n","protected":false},"excerpt":{"rendered":"<p>Durante a sess\u00e3o parlamentar desta quarta-feira, 27, o deputado estadual Evander Vendramini (PP) solicitou que&#8230;<\/p>\n","protected":false},"author":1,"featured_media":29480,"comment_status":"closed","ping_status":"closed","sticky":false,"template":"","format":"standard","meta":{"footnotes":""},"categories":[19],"tags":[],"class_list":["post-29479","post","type-post","status-publish","format-standard","has-post-thumbnail","hentry","category-politica"],"_links":{"self":[{"href":"https:\/\/www.corumbaonline.com.br\/news\/wp-json\/wp\/v2\/posts\/29479","targetHints":{"allow":["GET"]}}],"collection":[{"href":"https:\/\/www.corumbaonline.com.br\/news\/wp-json\/wp\/v2\/posts"}],"about":[{"href":"https:\/\/www.corumbaonline.com.br\/news\/wp-json\/wp\/v2\/types\/post"}],"author":[{"embeddable":true,"href":"https:\/\/www.corumbaonline.com.br\/news\/wp-json\/wp\/v2\/users\/1"}],"replies":[{"embeddable":true,"href":"https:\/\/www.corumbaonline.com.br\/news\/wp-json\/wp\/v2\/comments?post=29479"}],"version-history":[{"count":1,"href":"https:\/\/www.corumbaonline.com.br\/news\/wp-json\/wp\/v2\/posts\/29479\/revisions"}],"predecessor-version":[{"id":29481,"href":"https:\/\/www.corumbaonline.com.br\/news\/wp-json\/wp\/v2\/posts\/29479\/revisions\/29481"}],"wp:featuredmedia":[{"embeddable":true,"href":"https:\/\/www.corumbaonline.com.br\/news\/wp-json\/wp\/v2\/media\/29480"}],"wp:attachment":[{"href":"https:\/\/www.corumbaonline.com.br\/news\/wp-json\/wp\/v2\/media?parent=29479"}],"wp:term":[{"taxonomy":"category","embeddable":true,"href":"https:\/\/www.corumbaonline.com.br\/news\/wp-json\/wp\/v2\/categories?post=29479"},{"taxonomy":"post_tag","embeddable":true,"href":"https:\/\/www.corumbaonline.com.br\/news\/wp-json\/wp\/v2\/tags?post=29479"}],"curies":[{"name":"wp","href":"https:\/\/api.w.org\/{rel}","templated":true}]}}