{"id":29482,"date":"2019-03-28T09:23:27","date_gmt":"2019-03-28T13:23:27","guid":{"rendered":"http:\/\/www.corumbaonline.com.br\/news\/?p=29482"},"modified":"2019-03-28T09:43:02","modified_gmt":"2019-03-28T13:43:02","slug":"prova-de-concurso-publico-para-professor-do-ifms-sera-aplicada-no-domingo","status":"publish","type":"post","link":"https:\/\/www.corumbaonline.com.br\/news\/prova-de-concurso-publico-para-professor-do-ifms-sera-aplicada-no-domingo\/","title":{"rendered":"Prova de concurso p\u00fablico para professor do IFMS ser\u00e1 aplicada no domingo"},"content":{"rendered":"<p>O Instituto Federal de Mato Grosso do Sul (IFMS) aplica no domingo, 31, a prova objetiva do concurso p\u00fablico\u00a0para professor do ensino b\u00e1sico, t\u00e9cnico e tecnol\u00f3gico. Foram registrados<strong>\u00a0<\/strong>2.641\u00a0inscritos para as\u00a018 vagas\u00a0ofertadas\u00a0em diferentes \u00e1reas.<\/p>\n<p>A\u00a0<a title=\"prova ser\u00e1 realizada na Universidade Uniderp\" href=\"http:\/\/www.ifms.edu.br:9000\/lists\/lt.php?tid=KxlXVlcLW1VSUUsBBFNSTlBSVFJOWFkLAxsMVVZVBAgCAwVTAQAfCAFWUVEGVAFOBVMAU04NC10OG1lQAVZPAlFSUFRUCAAJVVFeH1ICAwYCUlcDTghaXAYbDFZQBk8JVlZUH1AKVgBWAgNWVAIABw\" target=\"_blank\" rel=\"noopener noreferrer\">prova ser\u00e1 realizada na Universidade Uniderp<\/a>, em Campo Grande, na Rua Cear\u00e1, 333, Bairro Miguel Couto, a partir das 8 horas (hor\u00e1rio oficial de Mato Grosso do Sul). O\u00a0<a title=\"ensalamento\" href=\"http:\/\/www.ifms.edu.br:9000\/lists\/lt.php?tid=KxkHBVFaBQZVA0tVDlZUTlBcB1NOAQtbBBsOBVNQUFMFBlQHVlsfCAFWUVEGVAFOBVMAU04NC10OG1lQAVZPAlFSUFRUCAAJVVFeH1ICAwYCUlcDTghaXAYbDFZQBk8JVlZUH1AKVgBWAgNWVAIABw\" target=\"_blank\" rel=\"noopener noreferrer\">ensalamento<\/a>\u00a0dos candidatos est\u00e1 dispon\u00edvel na\u00a0<a title=\"Central de Sele\u00e7\u00e3o\" href=\"http:\/\/www.ifms.edu.br:9000\/lists\/lt.php?tid=KxkABgFaUlIABUtbAFRTTlABUFdOAQgJBxsAVgEHAFcFXQJTXA8fCAFWUVEGVAFOBVMAU04NC10OG1lQAVZPAlFSUFRUCAAJVVFeH1ICAwYCUlcDTghaXAYbDFZQBk8JVlZUH1AKVgBWAgNWVAIABw\" target=\"_blank\" rel=\"noopener noreferrer\">Central de Sele\u00e7\u00e3o<\/a>.<\/p>\n<p>O acesso de todos os candidatos ser\u00e1 pelo port\u00e3o do bloco 8 (em frente ao ponto de\u00a0\u00f4nibus da Rua Cear\u00e1), que ficar\u00e1\u00a0aberto das 7h \u00e0s 7h30.<\/p>\n<p>De car\u00e1ter classificat\u00f3rio e eliminat\u00f3rio, a\u00a0prova ter\u00e1 dura\u00e7\u00e3o m\u00e1xima de tr\u00eas horas e ser\u00e1 composta por\u00a025 quest\u00f5es, de acordo com o\u00a0<a title=\"conte\u00fado program\u00e1tico e bibliografia\" href=\"http:\/\/www.ifms.edu.br:9000\/lists\/lt.php?tid=KxlQBQdbWgFTAktQAQNRTlBXAlpOAFteAhtaUwRVVwdWUFRUUQgfCAFWUVEGVAFOBVMAU04NC10OG1lQAVZPAlFSUFRUCAAJVVFeH1ICAwYCUlcDTghaXAYbDFZQBk8JVlZUH1AKVgBWAgNWVAIABw\" target=\"_blank\" rel=\"noopener noreferrer\">conte\u00fado program\u00e1tico e bibliografia<\/a>\u00a0disponibilizados.<\/p>\n<p>Os candidatos somente poder\u00e3o utilizar caneta esferogr\u00e1fica de\u00a0material transparente de tinta preta.<\/p>\n<p><strong>Cronograma\u00a0<\/strong>&#8211;\u00a0A previs\u00e3o \u00e9 que o\u00a0gabarito preliminar seja divulgado no dia seguinte, e o definitivo no dia 23 de abril.<\/p>\n<p>A publica\u00e7\u00e3o das notas da prova objetiva, assim como da convoca\u00e7\u00e3o\u00a0para a prova de desempenho did\u00e1tico e da heteroidentifica\u00e7\u00e3o dos candidatos autodeclarados negros, est\u00e1 prevista para 25 de abril.<\/p>\n<p>A realiza\u00e7\u00e3o das provas de desempenho did\u00e1tico est\u00e1 prevista para maio, e consistir\u00e1 na apresenta\u00e7\u00e3o de uma aula sobre o tema sorteado com dura\u00e7\u00e3o de 15 a 20 minutos.<\/p>\n<p>A prova de t\u00edtulos ser\u00e1 de car\u00e1ter classificat\u00f3rio e ter\u00e1 como objetivo avaliar o aperfei\u00e7oamento profissional e a atua\u00e7\u00e3o no exerc\u00edcio da doc\u00eancia e\/ou experi\u00eancia profissional na \u00e1rea.\u00a0A pontua\u00e7\u00e3o ser\u00e1 baseada na apresenta\u00e7\u00e3o do curr\u00edculo e nos comprovantes apresentados em rela\u00e7\u00e3o \u00e0s atividades desenvolvidas pelo candidato.<\/p>\n<p>O resultado final do certame dever\u00e1 ser publicado em junho.<\/p>\n<p><b>Vagas\u00a0<\/b>&#8211; De acordo com o edital de abertura do concurso, os aprovados poder\u00e3o exercer as atividades em um dos dez campi do IFMS, localizados em Aquidauana, Campo Grande, Corumb\u00e1, Coxim, Dourados, Jardim, Navira\u00ed, Nova Andradina, Ponta Por\u00e3 e Tr\u00eas Lagoas.<\/p>\n<p>A escolha da unidade de lota\u00e7\u00e3o pelo candidato depender\u00e1 da sua classifica\u00e7\u00e3o no concurso e da op\u00e7\u00e3o que fizer quando for convocado para o provimento do cargo.<\/p>\n<p>A remunera\u00e7\u00e3o por 40 horas de trabalho semanais varia entre R$ 4.463,93 e R$ 9.600,92, dependendo da titula\u00e7\u00e3o do candidato, e \u00e9 acrescida de aux\u00edlio alimenta\u00e7\u00e3o mensal de R$ 458,00.<\/p>\n<p>O regime de trabalho \u00e9 de dedica\u00e7\u00e3o exclusiva, que impede o exerc\u00edcio em outra atividade p\u00fablica ou privada.<\/p>\n<p>Em caso de d\u00favidas sobre o certame, o contato deve ser feito pelo e-mail\u00a0<a title=\"concurso.docente@ifms.edu.br\" href=\"mailto:concurso.docente@ifms.edu.br\" rel=\"noreferrer\">concurso.docente@ifms.edu.br<\/a>.<\/p>\n","protected":false},"excerpt":{"rendered":"<p>O Instituto Federal de Mato Grosso do Sul (IFMS) aplica no domingo, 31, a prova&#8230;<\/p>\n","protected":false},"author":1,"featured_media":0,"comment_status":"closed","ping_status":"closed","sticky":false,"template":"","format":"standard","meta":{"footnotes":""},"categories":[6,10],"tags":[],"class_list":["post-29482","post","type-post","status-publish","format-standard","hentry","category-concurso","category-educacao"],"_links":{"self":[{"href":"https:\/\/www.corumbaonline.com.br\/news\/wp-json\/wp\/v2\/posts\/29482","targetHints":{"allow":["GET"]}}],"collection":[{"href":"https:\/\/www.corumbaonline.com.br\/news\/wp-json\/wp\/v2\/posts"}],"about":[{"href":"https:\/\/www.corumbaonline.com.br\/news\/wp-json\/wp\/v2\/types\/post"}],"author":[{"embeddable":true,"href":"https:\/\/www.corumbaonline.com.br\/news\/wp-json\/wp\/v2\/users\/1"}],"replies":[{"embeddable":true,"href":"https:\/\/www.corumbaonline.com.br\/news\/wp-json\/wp\/v2\/comments?post=29482"}],"version-history":[{"count":1,"href":"https:\/\/www.corumbaonline.com.br\/news\/wp-json\/wp\/v2\/posts\/29482\/revisions"}],"predecessor-version":[{"id":29483,"href":"https:\/\/www.corumbaonline.com.br\/news\/wp-json\/wp\/v2\/posts\/29482\/revisions\/29483"}],"wp:attachment":[{"href":"https:\/\/www.corumbaonline.com.br\/news\/wp-json\/wp\/v2\/media?parent=29482"}],"wp:term":[{"taxonomy":"category","embeddable":true,"href":"https:\/\/www.corumbaonline.com.br\/news\/wp-json\/wp\/v2\/categories?post=29482"},{"taxonomy":"post_tag","embeddable":true,"href":"https:\/\/www.corumbaonline.com.br\/news\/wp-json\/wp\/v2\/tags?post=29482"}],"curies":[{"name":"wp","href":"https:\/\/api.w.org\/{rel}","templated":true}]}}