{"id":29486,"date":"2019-03-28T09:45:58","date_gmt":"2019-03-28T13:45:58","guid":{"rendered":"http:\/\/www.corumbaonline.com.br\/news\/?p=29486"},"modified":"2019-03-28T10:55:44","modified_gmt":"2019-03-28T14:55:44","slug":"mpf-recomenda-a-militares-que-nao-comemorem-golpe-de-64","status":"publish","type":"post","link":"https:\/\/www.corumbaonline.com.br\/news\/mpf-recomenda-a-militares-que-nao-comemorem-golpe-de-64\/","title":{"rendered":"MPF recomenda a militares que n\u00e3o comemorem golpe de 64"},"content":{"rendered":"<p>Em uma a\u00e7\u00e3o coordenada com as Procuradorias da Rep\u00fablica em, pelo menos, 19 Estados, o Minist\u00e9rio P\u00fablico Federal (MPF) recomenda aos comandos militares e quart\u00e9is das For\u00e7as Armadas que se abstenham de qualquer tipo de comemora\u00e7\u00e3o do golpe militar de 31 de mar\u00e7o de 1964. E alerta: &#8220;A homenagem por servidores civis e militares, no exerc\u00edcio de suas fun\u00e7\u00f5es, ao per\u00edodo hist\u00f3rico no qual houve supress\u00e3o de direitos e da democracia viola a Constitui\u00e7\u00e3o Federal, que repudia o crime de tortura e prev\u00ea como crime inafian\u00e7\u00e1vel e imprescrit\u00edvel a a\u00e7\u00e3o de grupos armados, civis ou militares, contra a ordem constitucional e o Estado Democr\u00e1tico&#8221;.<\/p>\n<p>Num contraponto ao que prega o presidente Jair Bolsonaro, a recomenda\u00e7\u00e3o da PGR lembra que o pr\u00f3prio presidente da Rep\u00fablica se submete \u00e0 Constitui\u00e7\u00e3o Federal e \u00e0s leis vigentes, &#8220;n\u00e3o possuindo o poder discricion\u00e1rio de desconsiderar todos os dispositivos legais que reconhecem o regime iniciado em 31 de mar\u00e7o de 1964 como antidemocr\u00e1tico&#8221;.<\/p>\n<p class=\"text\">&#8220;O dever do Estado brasileiro \u00e9 n\u00e3o s\u00f3 o de reparar os danos sofridos por v\u00edtimas de abusos estatais no mencionado per\u00edodo, mas tamb\u00e9m de n\u00e3o infligir a elas novos sofrimentos, o que \u00e9 certamente ocasionado por uma comemora\u00e7\u00e3o oficial do in\u00edcio de um regime que praticou graves viola\u00e7\u00f5es aos direitos humanos.&#8221;<\/p>\n<p class=\"text\">Na orienta\u00e7\u00e3o, encaminhada nesta quarta-feira, 27, \u00e0s Brigadas, grupamentos, comandos especiais, academias militares das For\u00e7as Armadas e outras unidades que integram os Comandos Militares de todo o Pa\u00eds, a PGR solicita a ado\u00e7\u00e3o de provid\u00eancias para que seus subordinados sigam essa orienta\u00e7\u00e3o e medidas para identifica\u00e7\u00e3o de eventuais atos e de seus participantes &#8211; &#8220;com fins de aplica\u00e7\u00e3o de puni\u00e7\u00f5es disciplinares, bem como, comunica\u00e7\u00e3o ao MPF para a ado\u00e7\u00e3o das provid\u00eancias cab\u00edveis&#8221;.<\/p>\n<p class=\"text\">Na recomenda\u00e7\u00e3o \u00e9 estabelecido um prazo de 48 horas para que sejam informadas ao MPF as medidas adotadas para o cumprimento dessa orienta\u00e7\u00e3o ou para as raz\u00f5es do seu n\u00e3o acatamento.<\/p>\n<p class=\"text\">Para a PGR, as For\u00e7as Armadas t\u00eam a miss\u00e3o da defesa da p\u00e1tria e de garantir os poderes institucionais, &#8220;n\u00e3o devendo tomar parte em disputas ou manifesta\u00e7\u00f5es pol\u00edticas, em respeito ao princ\u00edpio democr\u00e1tico e ao pluralismo de ideias que regem o Estado brasileiro&#8221;.<\/p>\n","protected":false},"excerpt":{"rendered":"<p>Em uma a\u00e7\u00e3o coordenada com as Procuradorias da Rep\u00fablica em, pelo menos, 19 Estados, o&#8230;<\/p>\n","protected":false},"author":1,"featured_media":0,"comment_status":"closed","ping_status":"closed","sticky":false,"template":"","format":"standard","meta":{"footnotes":""},"categories":[14],"tags":[],"class_list":["post-29486","post","type-post","status-publish","format-standard","hentry","category-geral"],"_links":{"self":[{"href":"https:\/\/www.corumbaonline.com.br\/news\/wp-json\/wp\/v2\/posts\/29486","targetHints":{"allow":["GET"]}}],"collection":[{"href":"https:\/\/www.corumbaonline.com.br\/news\/wp-json\/wp\/v2\/posts"}],"about":[{"href":"https:\/\/www.corumbaonline.com.br\/news\/wp-json\/wp\/v2\/types\/post"}],"author":[{"embeddable":true,"href":"https:\/\/www.corumbaonline.com.br\/news\/wp-json\/wp\/v2\/users\/1"}],"replies":[{"embeddable":true,"href":"https:\/\/www.corumbaonline.com.br\/news\/wp-json\/wp\/v2\/comments?post=29486"}],"version-history":[{"count":1,"href":"https:\/\/www.corumbaonline.com.br\/news\/wp-json\/wp\/v2\/posts\/29486\/revisions"}],"predecessor-version":[{"id":29487,"href":"https:\/\/www.corumbaonline.com.br\/news\/wp-json\/wp\/v2\/posts\/29486\/revisions\/29487"}],"wp:attachment":[{"href":"https:\/\/www.corumbaonline.com.br\/news\/wp-json\/wp\/v2\/media?parent=29486"}],"wp:term":[{"taxonomy":"category","embeddable":true,"href":"https:\/\/www.corumbaonline.com.br\/news\/wp-json\/wp\/v2\/categories?post=29486"},{"taxonomy":"post_tag","embeddable":true,"href":"https:\/\/www.corumbaonline.com.br\/news\/wp-json\/wp\/v2\/tags?post=29486"}],"curies":[{"name":"wp","href":"https:\/\/api.w.org\/{rel}","templated":true}]}}