{"id":29488,"date":"2019-03-28T09:57:08","date_gmt":"2019-03-28T13:57:08","guid":{"rendered":"http:\/\/www.corumbaonline.com.br\/news\/?p=29488"},"modified":"2019-03-28T10:58:07","modified_gmt":"2019-03-28T14:58:07","slug":"prefeito-vistoria-obras-do-centro-de-educacao-infantil-professora-miriam-mendes","status":"publish","type":"post","link":"https:\/\/www.corumbaonline.com.br\/news\/prefeito-vistoria-obras-do-centro-de-educacao-infantil-professora-miriam-mendes\/","title":{"rendered":"Prefeito vistoria obras do Centro de Educa\u00e7\u00e3o Infantil \u201cProfessora Miriam Mendes\u201d"},"content":{"rendered":"<p>O prefeito Marcelo Iunes quer entregar no segundo semestre o Centro de Educa\u00e7\u00e3o Infantil \u201cProfessora Miriam Mendes\u201d, constru\u00edda pela Prefeitura Municipal no bairro Guat\u00f3, parte alta de Corumb\u00e1. Iunes visitou a unidade na ter\u00e7a-feira, 26 de mar\u00e7o.<\/p>\n<p>\u201cA parte da constru\u00e7\u00e3o est\u00e1 praticamente pronta. Agora \u00e9 fazer a limpeza do local para entregar tudo limpo. Estamos programando chamar os servidores do concurso, s\u00e3o vagas puras, para se tudo der certo, no segundo semestre, abrirmos para a popula\u00e7\u00e3o da regi\u00e3o do Guat\u00f3, Flamboyant, Corumbella\u201d, disse o prefeito.<\/p>\n<p>Iunes destacou ainda que na regi\u00e3o do Guat\u00f3, o Munic\u00edpio tamb\u00e9m finaliza constru\u00e7\u00f5es de uma escola &#8211; de 1\u00aa a 5\u00aa s\u00e9ries \u2013 e de um posto de sa\u00fade. \u201cS\u00e3o obras que estavam paralisadas h\u00e1 alguns anos, vieram de administra\u00e7\u00f5es anteriores, e, felizmente, com afinco, esfor\u00e7o conseguimos retomar o servi\u00e7o e concluir as obras e vamos entreg\u00e1-las\u201d, disse Marcelo Iunes.<\/p>\n<p>Secret\u00e1rio Municipal de Educa\u00e7\u00e3o, Genilson Canavarro de Abreu, acompanhou o prefeito e confirmou o planejamento para o segundo semestre. Ele ressaltou que o mobili\u00e1rio para o Centro de Educa\u00e7\u00e3o Infantil \u201cProfessora Miriam Mendes\u201d deve chegar nos pr\u00f3ximos dois meses.<\/p>\n<p>O Centro de Educa\u00e7\u00e3o Infantil \u201cProfessora Miriam Mendes\u201d ter\u00e1 10 salas de aulas; refeit\u00f3rio, anfiteatro e playground e vagas para 250 crian\u00e7as. A nova unidade escolar vai facilitar o cotidiano das fam\u00edlias, pois estar\u00e1 mais pr\u00f3xima das resid\u00eancias dos alunos. O pr\u00e9dio \u00e9 um projeto padr\u00e3o do Governo Federal e integra o Programa Nacional de Reestrutura\u00e7\u00e3o e Aquisi\u00e7\u00e3o de Equipamentos para a Rede Escolar P\u00fablica de Educa\u00e7\u00e3o Infantil (ProInf\u00e2ncia).<\/p>\n","protected":false},"excerpt":{"rendered":"<p>O prefeito Marcelo Iunes quer entregar no segundo semestre o Centro de Educa\u00e7\u00e3o Infantil \u201cProfessora&#8230;<\/p>\n","protected":false},"author":1,"featured_media":29489,"comment_status":"closed","ping_status":"closed","sticky":false,"template":"","format":"standard","meta":{"footnotes":""},"categories":[10],"tags":[],"class_list":["post-29488","post","type-post","status-publish","format-standard","has-post-thumbnail","hentry","category-educacao"],"_links":{"self":[{"href":"https:\/\/www.corumbaonline.com.br\/news\/wp-json\/wp\/v2\/posts\/29488","targetHints":{"allow":["GET"]}}],"collection":[{"href":"https:\/\/www.corumbaonline.com.br\/news\/wp-json\/wp\/v2\/posts"}],"about":[{"href":"https:\/\/www.corumbaonline.com.br\/news\/wp-json\/wp\/v2\/types\/post"}],"author":[{"embeddable":true,"href":"https:\/\/www.corumbaonline.com.br\/news\/wp-json\/wp\/v2\/users\/1"}],"replies":[{"embeddable":true,"href":"https:\/\/www.corumbaonline.com.br\/news\/wp-json\/wp\/v2\/comments?post=29488"}],"version-history":[{"count":1,"href":"https:\/\/www.corumbaonline.com.br\/news\/wp-json\/wp\/v2\/posts\/29488\/revisions"}],"predecessor-version":[{"id":29490,"href":"https:\/\/www.corumbaonline.com.br\/news\/wp-json\/wp\/v2\/posts\/29488\/revisions\/29490"}],"wp:featuredmedia":[{"embeddable":true,"href":"https:\/\/www.corumbaonline.com.br\/news\/wp-json\/wp\/v2\/media\/29489"}],"wp:attachment":[{"href":"https:\/\/www.corumbaonline.com.br\/news\/wp-json\/wp\/v2\/media?parent=29488"}],"wp:term":[{"taxonomy":"category","embeddable":true,"href":"https:\/\/www.corumbaonline.com.br\/news\/wp-json\/wp\/v2\/categories?post=29488"},{"taxonomy":"post_tag","embeddable":true,"href":"https:\/\/www.corumbaonline.com.br\/news\/wp-json\/wp\/v2\/tags?post=29488"}],"curies":[{"name":"wp","href":"https:\/\/api.w.org\/{rel}","templated":true}]}}