{"id":29493,"date":"2019-03-28T10:28:50","date_gmt":"2019-03-28T14:28:50","guid":{"rendered":"http:\/\/www.corumbaonline.com.br\/news\/?p=29493"},"modified":"2019-03-28T11:10:27","modified_gmt":"2019-03-28T15:10:27","slug":"senac-corumba-inaugura-nova-unidade-nesta-sexta-feira","status":"publish","type":"post","link":"https:\/\/www.corumbaonline.com.br\/news\/senac-corumba-inaugura-nova-unidade-nesta-sexta-feira\/","title":{"rendered":"Senac Corumb\u00e1 inaugura nova unidade nesta sexta-feira"},"content":{"rendered":"<p>Em um ambiente novo e totalmente reestruturado, o Senac Corumb\u00e1 melhora o atendimento a moradores da cidade e regi\u00e3o, em um espa\u00e7o acolhedor e com laborat\u00f3rios modernos. Atendendo no novo endere\u00e7o desde o in\u00edcio do ano, a unidade inaugura as novas instala\u00e7\u00f5es nesta sexta-feira (29), \u00e0s 9h e vai contar com a presen\u00e7a do presidente do Sistema Fecom\u00e9rcio-MS, Edison Ara\u00fajo, do diretor do Senac MS, Vitor Mello, do prefeito de Corumb\u00e1, Marcelo Iunes, entre outras autoridades.<\/p>\n<p>Com investimento de R$ 730 mil, a unidade conta com novas salas e laborat\u00f3rios modernos nas \u00e1reas da beleza, sa\u00fade e inform\u00e1tica. S\u00e3o tr\u00eas salas de multiuso, dois laborat\u00f3rios de inform\u00e1tica, um laborat\u00f3rio de sa\u00fade e um laborat\u00f3rio de est\u00e9tica. O novo espa\u00e7o do Senac Corumb\u00e1 conta ainda com um audit\u00f3rio para 150 pessoas, cantina, \u00e1rea de estacionamento e climatiza\u00e7\u00e3o em todos os ambientes, al\u00e9m de um espa\u00e7o de conviv\u00eancia e sala de reuni\u00e3o.<\/p>\n<p>&#8220;Criamos um espa\u00e7o para integrar os alunos, um espa\u00e7o inspirador, uma \u00e1rea comum para reunir os alunos na entrada e sa\u00edda das aulas e nos intervalos, com a decora\u00e7\u00e3o pensada para que eles sintam-se parte da escola&#8221;, destaca a gerente da unidade, Patr\u00edcia Greicy.<\/p>\n<p>A gerente explica ainda que nas novas instala\u00e7\u00f5es, os cursos da \u00e1rea da beleza foram ampliados, com a constru\u00e7\u00e3o do laborat\u00f3rio, que n\u00e3o existia na antiga unidade. &#8220;Agora podemos ofertar os cursos de Cabeleireiro, Barbeiro e Maquiador, tend\u00eancias do mercado da beleza que chegam \u00e0 regi\u00e3o por meio desse investimento do Senac&#8221;, diz. A unidade atende, em m\u00e9dia, 1,3 mil alunos por ano e a meta para 2019 \u00e9 ampliar o atendimento para 1,7 mil alunos.<\/p>\n<p>Com o com\u00e9rcio crescente na regi\u00e3o de fronteira e tamb\u00e9m com o forte apelo tur\u00edstico da cidade conhecida como a porta de entrada do Pantanal, as novas instala\u00e7\u00f5es da unidade chegam para melhorar ainda mais a m\u00e3o de obra local, por meio dos cursos de qualifica\u00e7\u00e3o do Senac nas \u00e1reas do com\u00e9rcio de bens, servi\u00e7os e turismo, tendo a marca Senac como refer\u00eancia nacional na qualifica\u00e7\u00e3o profissional para o mercado de trabalho.<\/p>\n<p>&#8220;Nosso objetivo \u00e9 oferecer um espa\u00e7o moderno, com laborat\u00f3rios que atendam \u00e0s necessidades dos alunos de acordo com a demanda do mercado, formando profissionais qualificados e, assim, contribuir para o desenvolvimento da regi\u00e3o. Nossas instala\u00e7\u00f5es s\u00e3o compat\u00edveis com as mais modernas que temos no Brasil, seguindo o modelo pedag\u00f3gico padr\u00e3o do Senac&#8221;, afirma o diretor do Senac MS, Vitor Mello.<\/p>\n","protected":false},"excerpt":{"rendered":"<p>Em um ambiente novo e totalmente reestruturado, o Senac Corumb\u00e1 melhora o atendimento a moradores&#8230;<\/p>\n","protected":false},"author":1,"featured_media":0,"comment_status":"closed","ping_status":"closed","sticky":false,"template":"","format":"standard","meta":{"footnotes":""},"categories":[14],"tags":[],"class_list":["post-29493","post","type-post","status-publish","format-standard","hentry","category-geral"],"_links":{"self":[{"href":"https:\/\/www.corumbaonline.com.br\/news\/wp-json\/wp\/v2\/posts\/29493","targetHints":{"allow":["GET"]}}],"collection":[{"href":"https:\/\/www.corumbaonline.com.br\/news\/wp-json\/wp\/v2\/posts"}],"about":[{"href":"https:\/\/www.corumbaonline.com.br\/news\/wp-json\/wp\/v2\/types\/post"}],"author":[{"embeddable":true,"href":"https:\/\/www.corumbaonline.com.br\/news\/wp-json\/wp\/v2\/users\/1"}],"replies":[{"embeddable":true,"href":"https:\/\/www.corumbaonline.com.br\/news\/wp-json\/wp\/v2\/comments?post=29493"}],"version-history":[{"count":1,"href":"https:\/\/www.corumbaonline.com.br\/news\/wp-json\/wp\/v2\/posts\/29493\/revisions"}],"predecessor-version":[{"id":29494,"href":"https:\/\/www.corumbaonline.com.br\/news\/wp-json\/wp\/v2\/posts\/29493\/revisions\/29494"}],"wp:attachment":[{"href":"https:\/\/www.corumbaonline.com.br\/news\/wp-json\/wp\/v2\/media?parent=29493"}],"wp:term":[{"taxonomy":"category","embeddable":true,"href":"https:\/\/www.corumbaonline.com.br\/news\/wp-json\/wp\/v2\/categories?post=29493"},{"taxonomy":"post_tag","embeddable":true,"href":"https:\/\/www.corumbaonline.com.br\/news\/wp-json\/wp\/v2\/tags?post=29493"}],"curies":[{"name":"wp","href":"https:\/\/api.w.org\/{rel}","templated":true}]}}