{"id":29523,"date":"2019-04-01T10:44:02","date_gmt":"2019-04-01T14:44:02","guid":{"rendered":"http:\/\/www.corumbaonline.com.br\/news\/?p=29523"},"modified":"2019-04-01T10:44:07","modified_gmt":"2019-04-01T14:44:07","slug":"prazo-de-entrega-da-rais-acaba-nesta-semana","status":"publish","type":"post","link":"https:\/\/www.corumbaonline.com.br\/news\/prazo-de-entrega-da-rais-acaba-nesta-semana\/","title":{"rendered":"Prazo de entrega da Rais acaba nesta semana"},"content":{"rendered":"<p>Os empregadores de todo o pa\u00eds t\u00eam at\u00e9 a pr\u00f3xima\u00a0<span id=\"OBJ_PREFIX_DWT142_com_zimbra_date\" role=\"link\">sexta<\/span>-feira (5) para entregar \u00e0 Secretaria de Trabalho do Minist\u00e9rio da Economia a Rela\u00e7\u00e3o Anual de Informa\u00e7\u00f5es Sociais (Rais). O documento re\u00fane informa\u00e7\u00f5es sobre patr\u00f5es e trabalhadores e serve de base para estat\u00edsticas sobre o mercado de trabalho e para a formula\u00e7\u00e3o de pol\u00edticas p\u00fablicas, como o pagamento do abono salarial.<\/p>\n<p>Quem atrasar o envio ou remeter informa\u00e7\u00f5es erradas poder\u00e1 receber multa no valor de R$ 425,64 a R$ 42.641, conforme o tempo e o n\u00famero de funcion\u00e1rios registrados.<\/p>\n<p>A declara\u00e7\u00e3o \u00e9 preenchida pela internet. A rela\u00e7\u00e3o de documentos necess\u00e1rios e o\u00a0<em>download<\/em>\u00a0do programa gerador da Rais est\u00e3o dispon\u00edveis no endere\u00e7o\u00a0<span id=\"OBJ_PREFIX_DWT143_com_zimbra_url\" role=\"link\"><a href=\"http:\/\/www.rais.gov.br\/\" target=\"_blank\" rel=\"noopener\">www.rais.gov.br<\/a><\/span><\/p>\n<p>Todos as empresas com o Cadastro Nacional Pessoa Jur\u00eddica (CNPJ) ativo na Receita Federal entre 1\u00b0 de janeiro e\u00a0<span id=\"OBJ_PREFIX_DWT144_com_zimbra_date\" role=\"link\">31 de dezembro<\/span>\u00a0de 2018 devem enviar a declara\u00e7\u00e3o.<\/p>\n<p>Mesmo as empresas sem empregados ou com Cadastro Nacional de Pessoa Jur\u00eddica (CNPJ) ativo por apenas um dia precisar\u00e3o preencher a declara\u00e7\u00e3o de Rais negativa (sem contrata\u00e7\u00e3o de pessoal).<\/p>\n<p>Apenas microempreendedores individuais (MEI) que n\u00e3o tenham empregados est\u00e3o isentos da declara\u00e7\u00e3o. Se o MEI, no entanto, contratou um funcion\u00e1rio, tamb\u00e9m est\u00e1 obrigado a entregar a Rais.<\/p>\n","protected":false},"excerpt":{"rendered":"<p>Os empregadores de todo o pa\u00eds t\u00eam at\u00e9 a pr\u00f3xima\u00a0sexta-feira (5) para entregar \u00e0 Secretaria&#8230;<\/p>\n","protected":false},"author":1,"featured_media":0,"comment_status":"closed","ping_status":"closed","sticky":false,"template":"","format":"standard","meta":{"footnotes":""},"categories":[19],"tags":[],"class_list":["post-29523","post","type-post","status-publish","format-standard","hentry","category-politica"],"_links":{"self":[{"href":"https:\/\/www.corumbaonline.com.br\/news\/wp-json\/wp\/v2\/posts\/29523","targetHints":{"allow":["GET"]}}],"collection":[{"href":"https:\/\/www.corumbaonline.com.br\/news\/wp-json\/wp\/v2\/posts"}],"about":[{"href":"https:\/\/www.corumbaonline.com.br\/news\/wp-json\/wp\/v2\/types\/post"}],"author":[{"embeddable":true,"href":"https:\/\/www.corumbaonline.com.br\/news\/wp-json\/wp\/v2\/users\/1"}],"replies":[{"embeddable":true,"href":"https:\/\/www.corumbaonline.com.br\/news\/wp-json\/wp\/v2\/comments?post=29523"}],"version-history":[{"count":1,"href":"https:\/\/www.corumbaonline.com.br\/news\/wp-json\/wp\/v2\/posts\/29523\/revisions"}],"predecessor-version":[{"id":29524,"href":"https:\/\/www.corumbaonline.com.br\/news\/wp-json\/wp\/v2\/posts\/29523\/revisions\/29524"}],"wp:attachment":[{"href":"https:\/\/www.corumbaonline.com.br\/news\/wp-json\/wp\/v2\/media?parent=29523"}],"wp:term":[{"taxonomy":"category","embeddable":true,"href":"https:\/\/www.corumbaonline.com.br\/news\/wp-json\/wp\/v2\/categories?post=29523"},{"taxonomy":"post_tag","embeddable":true,"href":"https:\/\/www.corumbaonline.com.br\/news\/wp-json\/wp\/v2\/tags?post=29523"}],"curies":[{"name":"wp","href":"https:\/\/api.w.org\/{rel}","templated":true}]}}