{"id":29525,"date":"2019-04-01T11:10:23","date_gmt":"2019-04-01T15:10:23","guid":{"rendered":"http:\/\/www.corumbaonline.com.br\/news\/?p=29525"},"modified":"2019-04-01T11:19:21","modified_gmt":"2019-04-01T15:19:21","slug":"municipio-implanta-faixa-de-pedestre-elevada-em-frente-a-creche-no-maria-leite","status":"publish","type":"post","link":"https:\/\/www.corumbaonline.com.br\/news\/municipio-implanta-faixa-de-pedestre-elevada-em-frente-a-creche-no-maria-leite\/","title":{"rendered":"Munic\u00edpio implanta faixa de pedestre elevada em frente \u00e0 creche no Maria Leite"},"content":{"rendered":"<p>Entregue na manh\u00e3 desta segunda-feira, 1\u00b0 de abril, a faixa de pedestre em eleva\u00e7\u00e3o instalada na frente do Centro Municipal de Educa\u00e7\u00e3o Infantil Inoc\u00eancia Cambar\u00e1, que fica na rua S\u00e3o Judas Tadeu, no bairro Maia Leite. A a\u00e7\u00e3o foi realizada pela Prefeitura de Corumb\u00e1, por meio da Ag\u00eancia Municipal de Tr\u00e2nsito e Transporte (Agetrat).<\/p>\n<p>O estabelecimento de ensino atende 141 crian\u00e7as \u2013 em dois per\u00edodos \u2013 e a a\u00e7\u00e3o, segundo o secret\u00e1rio Municipal de Educa\u00e7\u00e3o, Genilson Canavarro de Abreu, \u201cgarante maior seguran\u00e7a aos alunos, nos hor\u00e1rios de entrada e sa\u00edda\u201d. Ele ressaltou que o Munic\u00edpio prev\u00ea esse tipo de equipamento para as demais unidades escolares.<\/p>\n<p>Autor da solicita\u00e7\u00e3o da faixa de pedestre elevada, o vereador Paulo Bertini destacou a atua\u00e7\u00e3o do prefeito Marcelo Iunes, que \u201cprontamente atendeu ao pedido\u201d. Bertini afirmou que o equipamento \u00e9 de extrema import\u00e2ncia para evitar acidentes e dar seguran\u00e7a tamb\u00e9m aos moradores da regi\u00e3o.<\/p>\n<p>\u201c\u00c9 um compromisso, da nossa administra\u00e7\u00e3o, recuperarmos e reformarmos as nossas escolas\u201d, disse o chefe do Executivo corumbaense. Iunes antecipou que o Munic\u00edpio deve realizar o cal\u00e7amento da rua lateral do Centro Municipal de Educa\u00e7\u00e3o Infantil.<\/p>\n","protected":false},"excerpt":{"rendered":"<p>Entregue na manh\u00e3 desta segunda-feira, 1\u00b0 de abril, a faixa de pedestre em eleva\u00e7\u00e3o instalada&#8230;<\/p>\n","protected":false},"author":1,"featured_media":29526,"comment_status":"closed","ping_status":"closed","sticky":false,"template":"","format":"standard","meta":{"footnotes":""},"categories":[8,14],"tags":[],"class_list":["post-29525","post","type-post","status-publish","format-standard","has-post-thumbnail","hentry","category-destaque","category-geral"],"_links":{"self":[{"href":"https:\/\/www.corumbaonline.com.br\/news\/wp-json\/wp\/v2\/posts\/29525","targetHints":{"allow":["GET"]}}],"collection":[{"href":"https:\/\/www.corumbaonline.com.br\/news\/wp-json\/wp\/v2\/posts"}],"about":[{"href":"https:\/\/www.corumbaonline.com.br\/news\/wp-json\/wp\/v2\/types\/post"}],"author":[{"embeddable":true,"href":"https:\/\/www.corumbaonline.com.br\/news\/wp-json\/wp\/v2\/users\/1"}],"replies":[{"embeddable":true,"href":"https:\/\/www.corumbaonline.com.br\/news\/wp-json\/wp\/v2\/comments?post=29525"}],"version-history":[{"count":1,"href":"https:\/\/www.corumbaonline.com.br\/news\/wp-json\/wp\/v2\/posts\/29525\/revisions"}],"predecessor-version":[{"id":29527,"href":"https:\/\/www.corumbaonline.com.br\/news\/wp-json\/wp\/v2\/posts\/29525\/revisions\/29527"}],"wp:featuredmedia":[{"embeddable":true,"href":"https:\/\/www.corumbaonline.com.br\/news\/wp-json\/wp\/v2\/media\/29526"}],"wp:attachment":[{"href":"https:\/\/www.corumbaonline.com.br\/news\/wp-json\/wp\/v2\/media?parent=29525"}],"wp:term":[{"taxonomy":"category","embeddable":true,"href":"https:\/\/www.corumbaonline.com.br\/news\/wp-json\/wp\/v2\/categories?post=29525"},{"taxonomy":"post_tag","embeddable":true,"href":"https:\/\/www.corumbaonline.com.br\/news\/wp-json\/wp\/v2\/tags?post=29525"}],"curies":[{"name":"wp","href":"https:\/\/api.w.org\/{rel}","templated":true}]}}