{"id":29528,"date":"2019-04-01T11:22:45","date_gmt":"2019-04-01T15:22:45","guid":{"rendered":"http:\/\/www.corumbaonline.com.br\/news\/?p=29528"},"modified":"2019-04-01T11:28:15","modified_gmt":"2019-04-01T15:28:15","slug":"alms-recadastramento-de-servidores-tem-inicio-com-presenca-do-presidente-da-alms","status":"publish","type":"post","link":"https:\/\/www.corumbaonline.com.br\/news\/alms-recadastramento-de-servidores-tem-inicio-com-presenca-do-presidente-da-alms\/","title":{"rendered":"ALMS: Recadastramento de servidores tem in\u00edcio com presen\u00e7a do presidente da ALMS"},"content":{"rendered":"<p>Na manh\u00e3 desta segunda-feira (1\u00ba) foi iniciado\u00a0o recadastramento de servidores da Assembleia Legislativa de Mato Grosso do Sul (ALMS). O presidente da Casa de Leis, Paulo Corr\u00eaa (PSDB), esteve presente agradecendo aos primeiros servidores que compareceram para atualizar as informa\u00e7\u00f5es cadastrais.<\/p>\n<p>Paulo Corr\u00eaa explicou a import\u00e2ncia do procedimento. \u201cQuero agradecer a todos que est\u00e3o aqui nesse primeiro dia de recadastramento. Atualmente,\u00a0n\u00f3s temos a super receita, que envolve a Receita Federal e o INSS, ent\u00e3o precisamos manter todos os dados atualizados, garantindo a transpar\u00eancia e veracidade das informa\u00e7\u00f5es que transmitimos. Esse \u00e9 o nosso compromisso com a administra\u00e7\u00e3o p\u00fablica\u201d, afirmou o presidente.<\/p>\n<figure class=\"image\">\n<p><figure style=\"width: 300px\" class=\"wp-caption alignnone\"><img loading=\"lazy\" decoding=\"async\" src=\"https:\/\/al.ms.gov.br\/upload\/News\/2019\/04\/2019_04_01_10_14_35_paulocorrea.jpg\" alt=\"\" width=\"300\" height=\"199\" \/><figcaption class=\"wp-caption-text\">Paulo Corr\u00eaa e Marlene Figueira na abertura do recadastramento<\/figcaption><\/figure><\/figure>\n<p>A diretora geral de Recursos Humanos, Marlene Figueira da Silva, tamb\u00e9m cumprimentou os primeiros servidores recadastrados. \u201cN\u00f3s precisamos manter atualizados os cadastros dos servidores ativos e inativos, para que esteja comprovada a situa\u00e7\u00e3o de cada um, justificando os seus recebimentos\u201d, explicou Marlene. \u201cA Mesa Diretora dessa casa est\u00e1 dando todo o suporte necess\u00e1rio, a bem do servidor e do poder p\u00fablico\u201d, comentou a diretora.<\/p>\n<p>Uma das primeiras pessoas a realizarem o recadastramento foi a servidora Antonia Rodrigues. Ela trabalha na ALMS h\u00e1 29 anos, atua na Secretaria de Assuntos Legislativos e Jur\u00eddicos (SALJ). Prevenida, Antonia afirmou que logo que soube dos prazos para o recadastramento, providenciou toda a documenta\u00e7\u00e3o. \u201cNa semana passada eu j\u00e1 busquei reunir toda a documenta\u00e7\u00e3o, para, assim, n\u00e3o deixar para a \u00faltima hora e evitar tumulto\u201d, disse a sevidora.<\/p>\n<p><strong>Informa\u00e7\u00f5es<\/strong><\/p>\n<p>Todos os servidores devem se cadastrar: Efetivos, ativos e inativos, al\u00e9m de ocupantes de cargos em comiss\u00e3o e pensionistas.<\/p>\n<p>O documentos necess\u00e1rios s\u00e3o: RG, CPF, certid\u00e3o de quita\u00e7\u00e3o eleitoral, extrato de PIS ou PASEP (Caixa Econ\u00f4mica Federal\/Banco do Brasil), Certid\u00e3o de Casamento ou Declara\u00e7\u00e3o de Uni\u00e3o Est\u00e1vel feita em cart\u00f3rio extrajudicial (com menos de tr\u00eas meses de validade), comprovante de resid\u00eancia atualizado e documentos pessoais dos dependentes (certid\u00e3o de nascimento, RG e CPF).<\/p>\n<p>A certid\u00e3o de quita\u00e7\u00e3o eleitoral pode ser emitida pela internet, no\u00a0<a href=\"http:\/\/www.tse.jus.br\/eleitor\/certidoes\/certidao-de-quitacao-eleitoral\" target=\"_blank\" rel=\"noopener\">site do Tribunal Superior Eleitoral<\/a>. Para quem possui o Cart\u00e3o Cidad\u00e3o, com o n\u00famero do PIS, n\u00e3o \u00e9 necess\u00e1rio o extrato, no entanto deve ser apresentada c\u00f3pia do cart\u00e3o. J\u00e1 a certid\u00e3o de casamento ou declar\u00e7\u00e3o de uni\u00e3o est\u00e1vel deve ser solicitada junto ao cart\u00f3rio onde foi registrado o casamento ou uni\u00e3o est\u00e1vel.<\/p>\n","protected":false},"excerpt":{"rendered":"<p>Na manh\u00e3 desta segunda-feira (1\u00ba) foi iniciado\u00a0o recadastramento de servidores da Assembleia Legislativa de Mato&#8230;<\/p>\n","protected":false},"author":1,"featured_media":29529,"comment_status":"closed","ping_status":"closed","sticky":false,"template":"","format":"standard","meta":{"footnotes":""},"categories":[19],"tags":[],"class_list":["post-29528","post","type-post","status-publish","format-standard","has-post-thumbnail","hentry","category-politica"],"_links":{"self":[{"href":"https:\/\/www.corumbaonline.com.br\/news\/wp-json\/wp\/v2\/posts\/29528","targetHints":{"allow":["GET"]}}],"collection":[{"href":"https:\/\/www.corumbaonline.com.br\/news\/wp-json\/wp\/v2\/posts"}],"about":[{"href":"https:\/\/www.corumbaonline.com.br\/news\/wp-json\/wp\/v2\/types\/post"}],"author":[{"embeddable":true,"href":"https:\/\/www.corumbaonline.com.br\/news\/wp-json\/wp\/v2\/users\/1"}],"replies":[{"embeddable":true,"href":"https:\/\/www.corumbaonline.com.br\/news\/wp-json\/wp\/v2\/comments?post=29528"}],"version-history":[{"count":2,"href":"https:\/\/www.corumbaonline.com.br\/news\/wp-json\/wp\/v2\/posts\/29528\/revisions"}],"predecessor-version":[{"id":29531,"href":"https:\/\/www.corumbaonline.com.br\/news\/wp-json\/wp\/v2\/posts\/29528\/revisions\/29531"}],"wp:featuredmedia":[{"embeddable":true,"href":"https:\/\/www.corumbaonline.com.br\/news\/wp-json\/wp\/v2\/media\/29529"}],"wp:attachment":[{"href":"https:\/\/www.corumbaonline.com.br\/news\/wp-json\/wp\/v2\/media?parent=29528"}],"wp:term":[{"taxonomy":"category","embeddable":true,"href":"https:\/\/www.corumbaonline.com.br\/news\/wp-json\/wp\/v2\/categories?post=29528"},{"taxonomy":"post_tag","embeddable":true,"href":"https:\/\/www.corumbaonline.com.br\/news\/wp-json\/wp\/v2\/tags?post=29528"}],"curies":[{"name":"wp","href":"https:\/\/api.w.org\/{rel}","templated":true}]}}