{"id":29532,"date":"2019-04-01T11:36:53","date_gmt":"2019-04-01T15:36:53","guid":{"rendered":"http:\/\/www.corumbaonline.com.br\/news\/?p=29532"},"modified":"2019-04-01T11:38:50","modified_gmt":"2019-04-01T15:38:50","slug":"vereador-sugere-ao-detran-ms-implantacao-do-programa-cnh-social","status":"publish","type":"post","link":"https:\/\/www.corumbaonline.com.br\/news\/vereador-sugere-ao-detran-ms-implantacao-do-programa-cnh-social\/","title":{"rendered":"Vereador sugere ao Detran\/MS, implanta\u00e7\u00e3o do \u2018Programa CNH Social\u2019"},"content":{"rendered":"<p><span style=\"color: #000000;\">Como forma de atender pessoas de baixa renda, o vereador corumbaense Yussef Salla est\u00e1 sugerindo \u00e0 dire\u00e7\u00e3o do Departamento Estadual de Tr\u00e2nsito de Mato Grosso do Sul (Detran\/MS), estudos no sentido de se implantar no Estado, o \u2018Programa CNH Social\u2019, criado pelo Governo Federal, que garante \u00e0s pessoas de baixa renda e desempregados, a oportunidade de tirar a Carteira Nacional de Habita\u00e7\u00e3o.<\/span><\/p>\n<p><span style=\"color: #000000;\">O pedido do vereador foi feito por meio de requerimento, no qual solicita apoio dos deputados Evander Vendramini e Jamilson Name, para que intercedam junto ao diretor do Detran\/MS, Luiz Carlos Rocha Lima, visando ades\u00e3o ao programa.<\/span><\/p>\n<p><span style=\"color: #000000;\">Yussef ressalta que o programa vai assegurar \u00e0s pessoas que se encaixam nessa camada social, tirar a Carteira de Habilita\u00e7\u00e3o de forma gratuita, realizar a renova\u00e7\u00e3o, mudar de categoria, al\u00e9m de atribui\u00e7\u00e3o de categoria.<\/span><\/p>\n<p><span style=\"color: #000000;\">\u201c\u00c9 importante que isso aconte\u00e7a. Com o programa, a CNH estar\u00e1 \u00e0 disposi\u00e7\u00e3o das pessoas de baixa renda sem custo. Hoje, para tirar uma CNH, o custo em m\u00e9dia sai R$ 3 mil. Muitas pessoas n\u00e3o t\u00eam como arcar com esses custos e perdem oportunidades de trabalho por n\u00e3o estarem habilitados a dirigir\u201d, refor\u00e7ou.<\/span><\/p>\n<p><span style=\"color: #000000;\">Sa\u00fade<\/span><\/p>\n<p><span style=\"color: #000000;\">Por outro, o vereador pedetista est\u00e1 sugerindo ao ministro da Sa\u00fade, o sul-mato-grossense Luiz Henrique Mandetta, estudos no sentido de se criar um programa do mesmo molde do \u2018Mais M\u00e9dico\u2019, para atender a popula\u00e7\u00e3o ind\u00edgena, bem como os pres\u00eddios.<\/span><\/p>\n<p><span style=\"color: #000000;\">Ao mesmo tempo, Yussef solicitou ao titular da pasta de Infraestrutura e Servi\u00e7os P\u00fablicos da Prefeitura, Ricardo Ametlla, recupera\u00e7\u00e3o do pavimento da Rua Piau\u00ed, entre as ruas Cyr\u00edaco de Toledo e a Marechal Deodoro, para melhorar as condi\u00e7\u00f5es de tr\u00e1fego na regi\u00e3o.<\/span><\/p>\n<p><span style=\"color: #000000;\">Al\u00e9m disso, est\u00e1 sugerindo ao prefeito Marcelo Iunes, bem como \u00e0 pasta de Produ\u00e7\u00e3o Rural, a realiza\u00e7\u00e3o de um levantamento das condi\u00e7\u00f5es em que se encontra a usina de beneficiamento de leite, instalada no Assentamento Urucum, no sentido de viabilizar a sua opera\u00e7\u00e3o.<\/span><\/p>\n","protected":false},"excerpt":{"rendered":"<p>Como forma de atender pessoas de baixa renda, o vereador corumbaense Yussef Salla est\u00e1 sugerindo&#8230;<\/p>\n","protected":false},"author":1,"featured_media":0,"comment_status":"closed","ping_status":"closed","sticky":false,"template":"","format":"standard","meta":{"footnotes":""},"categories":[14,19],"tags":[],"class_list":["post-29532","post","type-post","status-publish","format-standard","hentry","category-geral","category-politica"],"_links":{"self":[{"href":"https:\/\/www.corumbaonline.com.br\/news\/wp-json\/wp\/v2\/posts\/29532","targetHints":{"allow":["GET"]}}],"collection":[{"href":"https:\/\/www.corumbaonline.com.br\/news\/wp-json\/wp\/v2\/posts"}],"about":[{"href":"https:\/\/www.corumbaonline.com.br\/news\/wp-json\/wp\/v2\/types\/post"}],"author":[{"embeddable":true,"href":"https:\/\/www.corumbaonline.com.br\/news\/wp-json\/wp\/v2\/users\/1"}],"replies":[{"embeddable":true,"href":"https:\/\/www.corumbaonline.com.br\/news\/wp-json\/wp\/v2\/comments?post=29532"}],"version-history":[{"count":1,"href":"https:\/\/www.corumbaonline.com.br\/news\/wp-json\/wp\/v2\/posts\/29532\/revisions"}],"predecessor-version":[{"id":29533,"href":"https:\/\/www.corumbaonline.com.br\/news\/wp-json\/wp\/v2\/posts\/29532\/revisions\/29533"}],"wp:attachment":[{"href":"https:\/\/www.corumbaonline.com.br\/news\/wp-json\/wp\/v2\/media?parent=29532"}],"wp:term":[{"taxonomy":"category","embeddable":true,"href":"https:\/\/www.corumbaonline.com.br\/news\/wp-json\/wp\/v2\/categories?post=29532"},{"taxonomy":"post_tag","embeddable":true,"href":"https:\/\/www.corumbaonline.com.br\/news\/wp-json\/wp\/v2\/tags?post=29532"}],"curies":[{"name":"wp","href":"https:\/\/api.w.org\/{rel}","templated":true}]}}