{"id":29586,"date":"2019-04-03T10:30:19","date_gmt":"2019-04-03T14:30:19","guid":{"rendered":"http:\/\/www.corumbaonline.com.br\/news\/?p=29586"},"modified":"2019-04-03T11:19:06","modified_gmt":"2019-04-03T15:19:06","slug":"parlamento-favoravel-a-maduro-suspende-imunidade-de-guaido","status":"publish","type":"post","link":"https:\/\/www.corumbaonline.com.br\/news\/parlamento-favoravel-a-maduro-suspende-imunidade-de-guaido\/","title":{"rendered":"Parlamento, favor\u00e1vel a Maduro, suspende imunidade de Guaid\u00f3"},"content":{"rendered":"<p>A Assembleia Nacional Constituinte da Venezuela, ligada ao governo de Nicol\u00e1s Maduro, aprovou a suspens\u00e3o da imunidade parlamentar de Juan Guaid\u00f3, autodeclarado presidente do pa\u00eds e presidente da Assembleia Nacional, que \u00e9 de oposi\u00e7\u00e3o. O pedido para a suspens\u00e3o foi encaminhado pelo Tribunal Supremo de Justi\u00e7a (TSJ).<\/p>\n<p>O presidente da Suprema Corte, Maikel Moreno, argumentou que Guaid\u00f3 violou as medidas cautelares impostas contra ele, como a proibi\u00e7\u00e3o de deixar a Venezuela. O autodeclarado presidente viajou para o Brasil, Paraguai, Argentina e Equador em fevereiro.<\/p>\n<div class=\"dnd-widget-wrapper context-cheio_8colunas type-image\">\n<div class=\"dnd-atom-rendered\">\n<figure class=\"mejs-fotoh-wrapper\">\n<p><figure style=\"width: 754px\" class=\"wp-caption alignnone\"><img loading=\"lazy\" decoding=\"async\" class=\"img-responsive full full\" title=\"Wilson Dias\/Ag\u00eancia Brasil\" src=\"http:\/\/imagens.ebc.com.br\/vXitBx_UyrAPsW_fd53KRzGKPfU=\/754x0\/smart\/http:\/\/agenciabrasil.ebc.com.br\/sites\/default\/files\/thumbnails\/image\/wdol_abr_28021912313.jpg?itok=jvyylndn\" alt=\"O autoproclamado presidente interino da Venezuela, Juan Guaid\u00f3, fala durante encontro com o presidente Jair Bolsonaro, no Pal\u00e1cio do Planalto\" width=\"754\" height=\"503\" \/><figcaption class=\"wp-caption-text\">Guaid\u00f3 estava proibido de viajar ao exterior, mas deixou a Venezuela e visitou Brasil, Paraguai, Argentina e Equador em fevereiro (Arquivo\/Wilson Dias\/Ag\u00eancia Brasil)<\/figcaption><\/figure><\/figure>\n<\/div>\n<\/div>\n<p>O presidente da Assembleia Nacional Constituinte da Venezuela (ANC), Diosdado Cabello, disse que a suspens\u00e3o da imunidade parlamentar de Guaid\u00f3 \u00e9 uma demonstra\u00e7\u00e3o de justi\u00e7a.<\/p>\n<p>Al\u00e9m do fim da imunidade, Guaid\u00f3 \u00e9 investigado pelo Minist\u00e9rio P\u00fablico da Venezuela, ligado a Maduro, por desrespeito \u00e0 Constitui\u00e7\u00e3o e \u00e0s autoridades p\u00fablicas ao autodeclarar-se presidente da Rep\u00fablica.<\/p>\n<p>Guaid\u00f3 est\u00e1 ainda proibido de exercer cargos p\u00fablicos por 15 anos. Segundo a Controladoria da Venezuela, ele n\u00e3o forneceu informa\u00e7\u00f5es sobre suas despesas e condi\u00e7\u00f5es financeiras no per\u00edodo em que viajou para o exterior.<\/p>\n<p>*<em>Com informa\u00e7\u00f5es da Telesur, emissora multiestatal de televis\u00e3o com sede em Caracas<\/em><\/p>\n","protected":false},"excerpt":{"rendered":"<p>A Assembleia Nacional Constituinte da Venezuela, ligada ao governo de Nicol\u00e1s Maduro, aprovou a suspens\u00e3o&#8230;<\/p>\n","protected":false},"author":1,"featured_media":0,"comment_status":"closed","ping_status":"closed","sticky":false,"template":"","format":"standard","meta":{"footnotes":""},"categories":[15],"tags":[],"class_list":["post-29586","post","type-post","status-publish","format-standard","hentry","category-internacional"],"_links":{"self":[{"href":"https:\/\/www.corumbaonline.com.br\/news\/wp-json\/wp\/v2\/posts\/29586","targetHints":{"allow":["GET"]}}],"collection":[{"href":"https:\/\/www.corumbaonline.com.br\/news\/wp-json\/wp\/v2\/posts"}],"about":[{"href":"https:\/\/www.corumbaonline.com.br\/news\/wp-json\/wp\/v2\/types\/post"}],"author":[{"embeddable":true,"href":"https:\/\/www.corumbaonline.com.br\/news\/wp-json\/wp\/v2\/users\/1"}],"replies":[{"embeddable":true,"href":"https:\/\/www.corumbaonline.com.br\/news\/wp-json\/wp\/v2\/comments?post=29586"}],"version-history":[{"count":1,"href":"https:\/\/www.corumbaonline.com.br\/news\/wp-json\/wp\/v2\/posts\/29586\/revisions"}],"predecessor-version":[{"id":29587,"href":"https:\/\/www.corumbaonline.com.br\/news\/wp-json\/wp\/v2\/posts\/29586\/revisions\/29587"}],"wp:attachment":[{"href":"https:\/\/www.corumbaonline.com.br\/news\/wp-json\/wp\/v2\/media?parent=29586"}],"wp:term":[{"taxonomy":"category","embeddable":true,"href":"https:\/\/www.corumbaonline.com.br\/news\/wp-json\/wp\/v2\/categories?post=29586"},{"taxonomy":"post_tag","embeddable":true,"href":"https:\/\/www.corumbaonline.com.br\/news\/wp-json\/wp\/v2\/tags?post=29586"}],"curies":[{"name":"wp","href":"https:\/\/api.w.org\/{rel}","templated":true}]}}