{"id":29792,"date":"2019-04-10T09:03:47","date_gmt":"2019-04-10T13:03:47","guid":{"rendered":"http:\/\/www.corumbaonline.com.br\/news\/?p=29792"},"modified":"2019-04-10T10:01:43","modified_gmt":"2019-04-10T14:01:43","slug":"projeto-de-lei-regulamenta-implantacao-progressiva-de-escolas-em-tempo-integral","status":"publish","type":"post","link":"https:\/\/www.corumbaonline.com.br\/news\/projeto-de-lei-regulamenta-implantacao-progressiva-de-escolas-em-tempo-integral\/","title":{"rendered":"Projeto de Lei regulamenta implanta\u00e7\u00e3o progressiva de escolas em tempo integral"},"content":{"rendered":"<p><span style=\"color: #000000;\">A implanta\u00e7\u00e3o progressiva de escolas em tempo integral\u00a0\u00a0em Corumb\u00e1 est\u00e1 sendo proposta pelo vereador Yussef Salla que, na sess\u00e3o de ontem, ter\u00e7a-feira, 09, apresentou um Projeto de Lei que regulamenta essa atividade, inclusive com um prazo de 10 anos para no m\u00ednimo 50% dos estabelecimentos de ensino da Rede Municipal devam oferecer matr\u00edculas em hor\u00e1rio integral.<\/span><\/p>\n<p><span style=\"color: #000000;\">A decis\u00e3o de apresentar o Projeto de Lei deve-se ao fato que em 2016, por meio do Decreto n\u00ba 1.649, o Munic\u00edpio extinguiu o Programa Experimental de Educa\u00e7\u00e3o Integral de Corumb\u00e1, criado pelo decreto 1001, de 15 de dezembro de 2011, colocado em pr\u00e1tica em 2012 com a implanta\u00e7\u00e3o gradativa em escolas urbanas e rurais, atendendo alunos da Educa\u00e7\u00e3o Infantil at\u00e9 a 9\u00aa s\u00e9rie do Ensino Fundamental, para adequa\u00e7\u00e3o ao Plano Nacional de Educa\u00e7\u00e3o que estabeleceu como meta que 50% das escolas p\u00fablicas ofere\u00e7am educa\u00e7\u00e3o em tempo integral at\u00e9 o ano de 2020.<\/span><\/p>\n<p><span style=\"color: #000000;\">Em 2016, o programa experimental foi extinto, por meio de decreto, passando para Escola de Tempo Integral. Dessa forma, o vereador pedetista est\u00e1 propondo o Projeto de Lei para regulamentar a implanta\u00e7\u00e3o das Escolas de Tempo Integral com carga hor\u00e1ria igual ou superior a sete horas di\u00e1rias, nos turnos manh\u00e3 e tarde, para alunos da educa\u00e7\u00e3o infantil e do ensino fundamental.<\/span><\/p>\n<p><span style=\"color: #000000;\">Yussef observa que a regulamenta\u00e7\u00e3o do programa \u00e9 de extrema import\u00e2ncia, o que o levou a apresentar o a proposta, prevendo inclusive que todas as escolas em tempo integral dever\u00e3o oferecer, no m\u00ednimo, tr\u00eas alimenta\u00e7\u00f5es, respeitando as diretrizes do Programa Nacional de Alimenta\u00e7\u00e3o Escolar, apoiando inclusive o desenvolvimento sustent\u00e1vel, com incentivos para a aquisi\u00e7\u00e3o de g\u00eaneros aliment\u00edcios diversificados, produzidos em \u00e2mbito local e preferencialmente pela agricultura familiar.<\/span><\/p>\n<p><span style=\"color: #000000;\">A proposta passa tamb\u00e9m pela capacita\u00e7\u00e3o espec\u00edfica para diretores, diretores adjuntos, professores e servidores das Escolas de Tempo Integral. Al\u00e9m disso, o Projeto de Lei prev\u00ea 15% de remunera\u00e7\u00e3o em seus sal\u00e1rios base pela dedica\u00e7\u00e3o de tempo integral.<\/span><\/p>\n<p><span style=\"color: #000000;\">O plano pedag\u00f3gico curricular da Escola de Tempo Integral ser\u00e1 diferenciado no sentido de promover a perman\u00eancia do educando na escola, criando condi\u00e7\u00f5es de melhor aprendizado; proporcionar a\u00e7\u00f5es e exerc\u00edcios no campo social, cultural, esportivo e tecnol\u00f3gico dentro da escola e em ambientes coletivos diversificados; oferecer a interdisciplinaridade e a transdisciplinaridade, fazendo com que ocorra a articula\u00e7\u00e3o entre o n\u00facleo comum curricular e as demais atividades estabelecidas na proposta.<\/span><\/p>\n<p><span style=\"color: #000000;\">Dever\u00e1 ainda incentivar a participa\u00e7\u00e3o da comunidade no processo educacional, promovendo a constru\u00e7\u00e3o da cidadania; adequar as atividades educacionais \u00e0 realidade de cada regi\u00e3o; proporcionar ao aluno experi\u00eancia educativa que possibilite o desenvolvimento integral, considerando os aspectos cognitivos, motor, social, emocional e cultural; refor\u00e7ar a escola como um espa\u00e7o de socializa\u00e7\u00e3o, onde o aluno possa experimentar uma viv\u00eancia coletiva e formular uma concep\u00e7\u00e3o de mundo, de sociedade e de cidadania.<\/span><\/p>\n<p><span style=\"color: #000000;\">Yussef destaca que a proposta prev\u00ea ainda a necessidade de dotar a escola de instrumentos tecnol\u00f3gicos geridos por uma equipe multiprofissional, composta pela dire\u00e7\u00e3o, dire\u00e7\u00e3o adjunta, coordena\u00e7\u00e3o pedag\u00f3gica, professores, servidores da escola e nutricionistas, como tamb\u00e9m a inclus\u00e3o da educa\u00e7\u00e3o alimentar e nutricional e economia familiar\/dom\u00e9stica no processo de ensino e aprendizagem.<\/span><\/p>\n","protected":false},"excerpt":{"rendered":"<p>A implanta\u00e7\u00e3o progressiva de escolas em tempo integral\u00a0\u00a0em Corumb\u00e1 est\u00e1 sendo proposta pelo vereador Yussef&#8230;<\/p>\n","protected":false},"author":1,"featured_media":29793,"comment_status":"closed","ping_status":"closed","sticky":false,"template":"","format":"standard","meta":{"footnotes":""},"categories":[10],"tags":[],"class_list":["post-29792","post","type-post","status-publish","format-standard","has-post-thumbnail","hentry","category-educacao"],"_links":{"self":[{"href":"https:\/\/www.corumbaonline.com.br\/news\/wp-json\/wp\/v2\/posts\/29792","targetHints":{"allow":["GET"]}}],"collection":[{"href":"https:\/\/www.corumbaonline.com.br\/news\/wp-json\/wp\/v2\/posts"}],"about":[{"href":"https:\/\/www.corumbaonline.com.br\/news\/wp-json\/wp\/v2\/types\/post"}],"author":[{"embeddable":true,"href":"https:\/\/www.corumbaonline.com.br\/news\/wp-json\/wp\/v2\/users\/1"}],"replies":[{"embeddable":true,"href":"https:\/\/www.corumbaonline.com.br\/news\/wp-json\/wp\/v2\/comments?post=29792"}],"version-history":[{"count":1,"href":"https:\/\/www.corumbaonline.com.br\/news\/wp-json\/wp\/v2\/posts\/29792\/revisions"}],"predecessor-version":[{"id":29794,"href":"https:\/\/www.corumbaonline.com.br\/news\/wp-json\/wp\/v2\/posts\/29792\/revisions\/29794"}],"wp:featuredmedia":[{"embeddable":true,"href":"https:\/\/www.corumbaonline.com.br\/news\/wp-json\/wp\/v2\/media\/29793"}],"wp:attachment":[{"href":"https:\/\/www.corumbaonline.com.br\/news\/wp-json\/wp\/v2\/media?parent=29792"}],"wp:term":[{"taxonomy":"category","embeddable":true,"href":"https:\/\/www.corumbaonline.com.br\/news\/wp-json\/wp\/v2\/categories?post=29792"},{"taxonomy":"post_tag","embeddable":true,"href":"https:\/\/www.corumbaonline.com.br\/news\/wp-json\/wp\/v2\/tags?post=29792"}],"curies":[{"name":"wp","href":"https:\/\/api.w.org\/{rel}","templated":true}]}}