{"id":29866,"date":"2019-04-11T09:33:21","date_gmt":"2019-04-11T13:33:21","guid":{"rendered":"http:\/\/www.corumbaonline.com.br\/news\/?p=29866"},"modified":"2019-04-11T09:46:25","modified_gmt":"2019-04-11T13:46:25","slug":"volume-de-vendas-do-comercio-de-ms-tem-aumento-de-52-em-fevereiro","status":"publish","type":"post","link":"https:\/\/www.corumbaonline.com.br\/news\/volume-de-vendas-do-comercio-de-ms-tem-aumento-de-52-em-fevereiro\/","title":{"rendered":"Volume de vendas do com\u00e9rcio de MS tem aumento de 5,2% em fevereiro"},"content":{"rendered":"<p class=\"x_MsoNormal\">Dados da Pesquisa Mensal de Com\u00e9rcio (PMC), divulgada nessa ter\u00e7a-feira (9) pelo Instituto Brasileiro de Geografia e Estat\u00edstica (IBGE), apontam que o com\u00e9rcio de Mato Grosso do Sul registrou aumento de 5,2% no volume de vendas em fevereiro deste ano, comparado com o mesmo m\u00eas de 2018. O \u00edndice \u00e9 maior que o registrado no Pa\u00eds, que foi de 3,9%. Na compara\u00e7\u00e3o com o m\u00eas de janeiro, houve uma leve queda de 0,1%. Em termos de receita nominal, o percentual chegou a 9,5%, tamb\u00e9m maior que o registrado no Brasil (7,5%).<\/p>\n<p class=\"x_MsoNormal\"><span style=\"color: #000000; font-family: arial, helvetica, sans-serif;\">Em rela\u00e7\u00e3o aos dados nacionais, houve destaque para os segmentos de tecidos, vestu\u00e1rio e cal\u00e7ados, seguidos pelos segmentos de m\u00f3veis e eletrodom\u00e9sticos, e em seguida ve\u00edculos e material de constru\u00e7\u00e3o. &#8220;Estes segmentos n\u00e3o registraram aumento apenas em termos de receita nominal, mas em volume de vendas tamb\u00e9m. Materiais de constru\u00e7\u00e3o, em termos de volume, o aumento em rela\u00e7\u00e3o a fevereiro de 2018 \u00e9 de 9,3%. J\u00e1 o segmento de ve\u00edculos registrou aumento de 19,4% para o mesmo per\u00edodo. S\u00e3o valores bem expressivos e que provavelmente tamb\u00e9m foram os respons\u00e1veis pelo desempenho no Estado&#8221;, afirma a economista do Instituto de Pesquisa e Desenvolvimento da Fecom\u00e9rcio-MS (IPF-MS),\u00a0Daniela Dias.<\/span><\/p>\n<div class=\"x_gmail-adL\">\n<p class=\"x_MsoNormal\">A explica\u00e7\u00e3o para os aumentos significativos, segundo Daniela, pode estar relacionada \u00e0 melhora da inten\u00e7\u00e3o de consumo das fam\u00edlias, no in\u00edcio do ano, que apontou um aumento na inten\u00e7\u00e3o de compras de bens dur\u00e1veis pelas fam\u00edlias campo-grandenses. &#8220;Estamos com bons ind\u00edcios da recupera\u00e7\u00e3o da economia e esses n\u00fameros mostram isso&#8221;, diz.<\/p>\n<p class=\"x_MsoNormal\"><span style=\"color: #000000;\">O volume de vendas \u00e9 o \u00edndice que realmente aponta se houve melhora no setor, pois demonstra um aumento real de compras, por se referir a unidades f\u00edsicas. J\u00e1 a receita nominal pode sofrer influ\u00eancia da infla\u00e7\u00e3o, que faz com que ela aumente.<\/span><\/p>\n<p class=\"x_MsoNormal\">&#8220;Observamos que a pesquisa trouxe um cen\u00e1rio mais otimista para o com\u00e9rcio no Brasil e no Estado. Esses \u00edndices se baseiam tanto nas condi\u00e7\u00f5es atuais, quanto nas perspectivas futuras, e isso significa que a inten\u00e7\u00e3o de consumo melhorou, que est\u00e1 sendo transformada em uma demanda efetiva. Os n\u00fameros do emprego tamb\u00e9m s\u00e3o significativos e os empres\u00e1rios est\u00e3o mais confiantes, tudo isso \u00e9 muito importante para a nossa economia&#8221;, afirma o presidente da Federa\u00e7\u00e3o do Com\u00e9rcio de Bens, Servi\u00e7os e Turismo de MS (Fecom\u00e9rcio-MS), Edison Ara\u00fajo.<\/p>\n<\/div>\n","protected":false},"excerpt":{"rendered":"<p>Dados da Pesquisa Mensal de Com\u00e9rcio (PMC), divulgada nessa ter\u00e7a-feira (9) pelo Instituto Brasileiro de&#8230;<\/p>\n","protected":false},"author":1,"featured_media":0,"comment_status":"closed","ping_status":"closed","sticky":false,"template":"","format":"standard","meta":{"footnotes":""},"categories":[19],"tags":[],"class_list":["post-29866","post","type-post","status-publish","format-standard","hentry","category-politica"],"_links":{"self":[{"href":"https:\/\/www.corumbaonline.com.br\/news\/wp-json\/wp\/v2\/posts\/29866","targetHints":{"allow":["GET"]}}],"collection":[{"href":"https:\/\/www.corumbaonline.com.br\/news\/wp-json\/wp\/v2\/posts"}],"about":[{"href":"https:\/\/www.corumbaonline.com.br\/news\/wp-json\/wp\/v2\/types\/post"}],"author":[{"embeddable":true,"href":"https:\/\/www.corumbaonline.com.br\/news\/wp-json\/wp\/v2\/users\/1"}],"replies":[{"embeddable":true,"href":"https:\/\/www.corumbaonline.com.br\/news\/wp-json\/wp\/v2\/comments?post=29866"}],"version-history":[{"count":1,"href":"https:\/\/www.corumbaonline.com.br\/news\/wp-json\/wp\/v2\/posts\/29866\/revisions"}],"predecessor-version":[{"id":29867,"href":"https:\/\/www.corumbaonline.com.br\/news\/wp-json\/wp\/v2\/posts\/29866\/revisions\/29867"}],"wp:attachment":[{"href":"https:\/\/www.corumbaonline.com.br\/news\/wp-json\/wp\/v2\/media?parent=29866"}],"wp:term":[{"taxonomy":"category","embeddable":true,"href":"https:\/\/www.corumbaonline.com.br\/news\/wp-json\/wp\/v2\/categories?post=29866"},{"taxonomy":"post_tag","embeddable":true,"href":"https:\/\/www.corumbaonline.com.br\/news\/wp-json\/wp\/v2\/tags?post=29866"}],"curies":[{"name":"wp","href":"https:\/\/api.w.org\/{rel}","templated":true}]}}