{"id":29878,"date":"2019-04-11T10:47:42","date_gmt":"2019-04-11T14:47:42","guid":{"rendered":"http:\/\/www.corumbaonline.com.br\/news\/?p=29878"},"modified":"2019-04-11T11:22:58","modified_gmt":"2019-04-11T15:22:58","slug":"brexit-e-adiado-novamente-para-evitar-saida-sem-acordo","status":"publish","type":"post","link":"https:\/\/www.corumbaonline.com.br\/news\/brexit-e-adiado-novamente-para-evitar-saida-sem-acordo\/","title":{"rendered":"Brexit \u00e9 adiado novamente para evitar sa\u00edda sem acordo"},"content":{"rendered":"<p>A Uni\u00e3o Europeia (UE) e o Reino Unido concordaram com mais um adiamento da sa\u00edda do pa\u00eds do bloco europeu (o Brexit), que agora dever\u00e1 ocorrer em 31 de outubro.<\/p>\n<p>L\u00edderes da UE concordaram com a a medida, ap\u00f3s cinco horas de negocia\u00e7\u00f5es em Bruxelas nessa quarta-feira (10), evitando, por hora, um Brexit sem acordo.<\/p>\n<p>A c\u00fapula da Uni\u00e3o Europeia se reuniu para debater o pedido da premi\u00ea brit\u00e2nica, Theresa May, visando ao adiamento da data de sa\u00edda do pa\u00eds, desta sexta-feira para o dia 30 de junho. A data j\u00e1 havia sido adiada em rela\u00e7\u00e3o ao prazo inicial de 29 de mar\u00e7o.<\/p>\n<p>Muitos l\u00edderes apoiaram a proposta do presidente do Conselho Europeu, Donald Tusk, de uma prorroga\u00e7\u00e3o flex\u00edvel de at\u00e9 um ano. Entretanto, o presidente franc\u00eas, Emmanuel Macron, insistiu veementemente em uma extens\u00e3o mais curta.<\/p>\n<p>Sob o acordo, a retirada pode ocorrer antes do prazo se o Parlamento brit\u00e2nico ratificar os termos do Brexit acertados por May com a Uni\u00e3o Europeia.<\/p>\n<p>Tusk disse a jornalistas, ap\u00f3s a c\u00fapula, que a mudan\u00e7a de data \u00e9 suficiente para que se encontre a melhor solu\u00e7\u00e3o, e pediu que o Reino Unido n\u00e3o desperdice esse tempo.<\/p>\n<p>Entretanto, a extens\u00e3o certamente vai provocar rea\u00e7\u00f5es negativas dos apoiadores de linha dura do Brexit no Parlamento.<\/p>\n","protected":false},"excerpt":{"rendered":"<p>A Uni\u00e3o Europeia (UE) e o Reino Unido concordaram com mais um adiamento da sa\u00edda&#8230;<\/p>\n","protected":false},"author":1,"featured_media":0,"comment_status":"closed","ping_status":"closed","sticky":false,"template":"","format":"standard","meta":{"footnotes":""},"categories":[15],"tags":[],"class_list":["post-29878","post","type-post","status-publish","format-standard","hentry","category-internacional"],"_links":{"self":[{"href":"https:\/\/www.corumbaonline.com.br\/news\/wp-json\/wp\/v2\/posts\/29878","targetHints":{"allow":["GET"]}}],"collection":[{"href":"https:\/\/www.corumbaonline.com.br\/news\/wp-json\/wp\/v2\/posts"}],"about":[{"href":"https:\/\/www.corumbaonline.com.br\/news\/wp-json\/wp\/v2\/types\/post"}],"author":[{"embeddable":true,"href":"https:\/\/www.corumbaonline.com.br\/news\/wp-json\/wp\/v2\/users\/1"}],"replies":[{"embeddable":true,"href":"https:\/\/www.corumbaonline.com.br\/news\/wp-json\/wp\/v2\/comments?post=29878"}],"version-history":[{"count":1,"href":"https:\/\/www.corumbaonline.com.br\/news\/wp-json\/wp\/v2\/posts\/29878\/revisions"}],"predecessor-version":[{"id":29879,"href":"https:\/\/www.corumbaonline.com.br\/news\/wp-json\/wp\/v2\/posts\/29878\/revisions\/29879"}],"wp:attachment":[{"href":"https:\/\/www.corumbaonline.com.br\/news\/wp-json\/wp\/v2\/media?parent=29878"}],"wp:term":[{"taxonomy":"category","embeddable":true,"href":"https:\/\/www.corumbaonline.com.br\/news\/wp-json\/wp\/v2\/categories?post=29878"},{"taxonomy":"post_tag","embeddable":true,"href":"https:\/\/www.corumbaonline.com.br\/news\/wp-json\/wp\/v2\/tags?post=29878"}],"curies":[{"name":"wp","href":"https:\/\/api.w.org\/{rel}","templated":true}]}}