{"id":29943,"date":"2019-04-15T09:01:06","date_gmt":"2019-04-15T13:01:06","guid":{"rendered":"http:\/\/www.corumbaonline.com.br\/news\/?p=29943"},"modified":"2019-04-15T09:48:06","modified_gmt":"2019-04-15T13:48:06","slug":"ccj-se-reune-hoje-para-debater-parecer-da-previdencia","status":"publish","type":"post","link":"https:\/\/www.corumbaonline.com.br\/news\/ccj-se-reune-hoje-para-debater-parecer-da-previdencia\/","title":{"rendered":"CCJ se re\u00fane hoje para debater parecer da Previd\u00eancia"},"content":{"rendered":"<p>A Comiss\u00e3o de Constitui\u00e7\u00e3o, Justi\u00e7a e Cidadania (CCJ) da C\u00e2mara se re\u00fane <span id=\"OBJ_PREFIX_DWT426_com_zimbra_date\" role=\"link\">hoje<\/span> (15), a partir das 14h, para debater o parecer da reforma da Previd\u00eancia (PEC 6\/19). O presidente do colegiado, Felipe Francischini (PSL-PR), disse que at\u00e9 amanh\u00e3 (16) haver\u00e1 um \u201cmapeamento das inten\u00e7\u00f5es de votos\u201d.<\/p>\n<p>Em entrevista coletiva em Curitiba, Francischini demonstrou otimismo com a vota\u00e7\u00e3o. \u201c[Integrantes da base aliada do governo] est\u00e3o fazendo trabalho de corpo a corpo, conversando individualmente com cada deputado, come\u00e7ando pelos integrantes da CCJ\u201d, disse. \u201cAcredito que j\u00e1 h\u00e1 condi\u00e7\u00f5es para superar obst\u00e1culos.\u201d<\/p>\n<p><strong>Sess\u00e3o<\/strong><\/p>\n<p>Segundo o presidente da CCJ, o esfor\u00e7o \u00e9 para agilizar o processo de discuss\u00e3o e vota\u00e7\u00e3o na comiss\u00e3o e, assim, enviar para a comiss\u00e3o especial. \u201cMinha inten\u00e7\u00e3o \u00e9 que o tr\u00e2mite seja o mais \u00e1gil poss\u00edvel\u201d, afirmou.<\/p>\n<p>Francischini estima uma longa discuss\u00e3o em torno da proposta, j\u00e1 que 85 deputados est\u00e3o inscritos para o debate. \u201cAp\u00f3s dez oradores, pode ser apresentado pedido de encerramento de discuss\u00e3o, mas acredito que est\u00e1 caminhando para todos falarem, o que pode significar mais de 20 horas de debate\u201d,<\/p>\n<p><strong>Or\u00e7amento impositivo<\/strong><\/p>\n<p>O presidente da CCJ afirmou que a proposta que amplia o or\u00e7amento impositivo (PEC\u00a0<span id=\"OBJ_PREFIX_DWT427_com_zimbra_url\" role=\"link\"><a href=\"http:\/\/www2.camara.leg.br\/camaranoticias\/noticias\/ADMINISTRACAO-PUBLICA\/574928-CAMARA-VOLTA-A-ANALISAR-ORCAMENTO-IMPOSITIVO-PARA-EMENDAS-DE-BANCADA.html\" target=\"_blank\" rel=\"noopener\">34\/19<\/a><\/span>) pode ser votada na comiss\u00e3o nesta semana. Lembrou, entretanto, que a reforma da Previd\u00eancia \u00e9 prioridade no colegiado.<\/p>\n<p>Francischini disse que se um requerimento de invers\u00e3o de pauta for apresentado, ser\u00e1 colocado em vota\u00e7\u00e3o. \u201cO plen\u00e1rio da CCJ \u00e9 soberano. Se aprovar [o requerimento de invers\u00e3o de pauta], o primeiro item ser\u00e1 o or\u00e7amento impositivo\u201d.<\/p>\n","protected":false},"excerpt":{"rendered":"<p>A Comiss\u00e3o de Constitui\u00e7\u00e3o, Justi\u00e7a e Cidadania (CCJ) da C\u00e2mara se re\u00fane hoje (15), a&#8230;<\/p>\n","protected":false},"author":1,"featured_media":0,"comment_status":"closed","ping_status":"closed","sticky":false,"template":"","format":"standard","meta":{"footnotes":""},"categories":[19],"tags":[],"class_list":["post-29943","post","type-post","status-publish","format-standard","hentry","category-politica"],"_links":{"self":[{"href":"https:\/\/www.corumbaonline.com.br\/news\/wp-json\/wp\/v2\/posts\/29943","targetHints":{"allow":["GET"]}}],"collection":[{"href":"https:\/\/www.corumbaonline.com.br\/news\/wp-json\/wp\/v2\/posts"}],"about":[{"href":"https:\/\/www.corumbaonline.com.br\/news\/wp-json\/wp\/v2\/types\/post"}],"author":[{"embeddable":true,"href":"https:\/\/www.corumbaonline.com.br\/news\/wp-json\/wp\/v2\/users\/1"}],"replies":[{"embeddable":true,"href":"https:\/\/www.corumbaonline.com.br\/news\/wp-json\/wp\/v2\/comments?post=29943"}],"version-history":[{"count":1,"href":"https:\/\/www.corumbaonline.com.br\/news\/wp-json\/wp\/v2\/posts\/29943\/revisions"}],"predecessor-version":[{"id":29944,"href":"https:\/\/www.corumbaonline.com.br\/news\/wp-json\/wp\/v2\/posts\/29943\/revisions\/29944"}],"wp:attachment":[{"href":"https:\/\/www.corumbaonline.com.br\/news\/wp-json\/wp\/v2\/media?parent=29943"}],"wp:term":[{"taxonomy":"category","embeddable":true,"href":"https:\/\/www.corumbaonline.com.br\/news\/wp-json\/wp\/v2\/categories?post=29943"},{"taxonomy":"post_tag","embeddable":true,"href":"https:\/\/www.corumbaonline.com.br\/news\/wp-json\/wp\/v2\/tags?post=29943"}],"curies":[{"name":"wp","href":"https:\/\/api.w.org\/{rel}","templated":true}]}}