{"id":29962,"date":"2019-04-15T16:00:45","date_gmt":"2019-04-15T20:00:45","guid":{"rendered":"http:\/\/www.corumbaonline.com.br\/news\/?p=29962"},"modified":"2019-04-15T17:02:37","modified_gmt":"2019-04-15T21:02:37","slug":"estou-triste-diz-macron-sobre-incendio-na-notre-dame","status":"publish","type":"post","link":"https:\/\/www.corumbaonline.com.br\/news\/estou-triste-diz-macron-sobre-incendio-na-notre-dame\/","title":{"rendered":"&#8220;Estou triste&#8221;, diz Macron sobre inc\u00eandio na Notre-Dame"},"content":{"rendered":"<p>O presidente da Fran\u00e7a, Emmanuel Macron, afirmou hoje (15) que o inc\u00eandio na Catedral de Notre-Dame atinge toda a popula\u00e7\u00e3o francesa e os cat\u00f3licos. \u201cComo todos os nossos compatriotas, estou triste&nbsp;esta noite&nbsp;por ver esta parte de n\u00f3s se queimar\u201d, afirmou o presidente.<\/p>\n<p>Em sua conta no Twitter, Macron lembrou que o templo \u00e9 um s\u00edmbolo da na\u00e7\u00e3o e do mundo cat\u00f3lico. \u201cNotre-Dame de Paris em chamas. Emo\u00e7\u00e3o de uma na\u00e7\u00e3o inteira. Pensado para todos os cat\u00f3licos e para todos os franceses\u201d, escreveu Macron.<\/p>\n<p>Constru\u00edda em 1163, a Catedral de Notre-Dame de Paris (em portugu\u00eas, Nossa Senhora de Paris) \u00e9 uma das mais antigas em estilo g\u00f3tico na Fran\u00e7a. Localizada na pequena Ilha de la Cit\u00e9 na capital francesa, cercada pelo Rio Sena.<\/p>\n<p>Em 1831, Victor Hugo escreveu o romance&nbsp;<em>Notre-Dame de Paris<\/em>, tendo como base a catedral durante a Idade M\u00e9dia e contando a hist\u00f3ria do corcunda Quas\u00edmodo, que se apaixona pela cigana Esmeralda. A ilustra\u00e7\u00e3o po\u00e9tica do monumento abre portas a uma nova vontade de conhecimento da arquitectura do passado e, principalmente, da Catedral de Notre-Dame de Paris.<\/p>\n<p>O edif\u00edcio tem 127 metros de comprimento, 48 de largura e 35 de altura. Re\u00fane na parte mais alta ab\u00f3badas e d\u00e1 o primeiro passo na constru\u00e7\u00e3o colossal do g\u00f3tico. Os sinos da torre norte, instalados desde 1856, badalam a cada 15 minutos ou em eventos hist\u00f3ricos, como no fim da Primeira Guerra Mundial ou na liberta\u00e7\u00e3o de Paris em 1944.<\/p>\n<p>Mais recentemente, os sinos tocaram em honra \u00e0s v\u00edtimas do atentado de 11 de setembro de 2001, nos Estados Unidos. Em 2012 eles foram derretidos e substitu\u00eddos por nove novos sinos. A iniciativa foi tomada porque os sinos perderam o tom devido ao desgaste do cobre.<\/p>\n<h2>Coroa de espinhos<\/h2>\n<p>Em Notre-Dame, est\u00e1 guardada aquela que se acredita ser uma das mais importantes rel\u00edquias da cristandade: os fragmentos da coroa de espinhos com a qual Cristo foi coroado pelos soldados romanos.A rel\u00edquia \u00e9 apresentada aos fi\u00e9s a cada primeira sexta-feira do m\u00eas, \u00e0s 15h, e na Sexta-Feira Santa, das 10h \u00e0s 17h. Os fragmentos da coroa est\u00e3o guardados desde 1896 dentro de um tubo de cristal e de ouro na Catedral de Notre Dame.<\/p>\n","protected":false},"excerpt":{"rendered":"<p>O presidente da Fran\u00e7a, Emmanuel Macron, afirmou hoje (15) que o inc\u00eandio na Catedral de&#8230;<\/p>\n","protected":false},"author":1,"featured_media":0,"comment_status":"closed","ping_status":"closed","sticky":false,"template":"","format":"standard","meta":{"footnotes":""},"categories":[15],"tags":[],"class_list":["post-29962","post","type-post","status-publish","format-standard","hentry","category-internacional"],"_links":{"self":[{"href":"https:\/\/www.corumbaonline.com.br\/news\/wp-json\/wp\/v2\/posts\/29962","targetHints":{"allow":["GET"]}}],"collection":[{"href":"https:\/\/www.corumbaonline.com.br\/news\/wp-json\/wp\/v2\/posts"}],"about":[{"href":"https:\/\/www.corumbaonline.com.br\/news\/wp-json\/wp\/v2\/types\/post"}],"author":[{"embeddable":true,"href":"https:\/\/www.corumbaonline.com.br\/news\/wp-json\/wp\/v2\/users\/1"}],"replies":[{"embeddable":true,"href":"https:\/\/www.corumbaonline.com.br\/news\/wp-json\/wp\/v2\/comments?post=29962"}],"version-history":[{"count":2,"href":"https:\/\/www.corumbaonline.com.br\/news\/wp-json\/wp\/v2\/posts\/29962\/revisions"}],"predecessor-version":[{"id":29972,"href":"https:\/\/www.corumbaonline.com.br\/news\/wp-json\/wp\/v2\/posts\/29962\/revisions\/29972"}],"wp:attachment":[{"href":"https:\/\/www.corumbaonline.com.br\/news\/wp-json\/wp\/v2\/media?parent=29962"}],"wp:term":[{"taxonomy":"category","embeddable":true,"href":"https:\/\/www.corumbaonline.com.br\/news\/wp-json\/wp\/v2\/categories?post=29962"},{"taxonomy":"post_tag","embeddable":true,"href":"https:\/\/www.corumbaonline.com.br\/news\/wp-json\/wp\/v2\/tags?post=29962"}],"curies":[{"name":"wp","href":"https:\/\/api.w.org\/{rel}","templated":true}]}}