{"id":30016,"date":"2019-04-16T11:14:12","date_gmt":"2019-04-16T15:14:12","guid":{"rendered":"http:\/\/www.corumbaonline.com.br\/news\/?p=30016"},"modified":"2019-04-16T12:26:35","modified_gmt":"2019-04-16T16:26:35","slug":"corumba-intensifica-o-uso-do-fumace-confira-o-cronograma","status":"publish","type":"post","link":"https:\/\/www.corumbaonline.com.br\/news\/corumba-intensifica-o-uso-do-fumace-confira-o-cronograma\/","title":{"rendered":"Corumb\u00e1 intensifica o uso do Fumac\u00ea, confira o cronograma"},"content":{"rendered":"<p class=\"western\">Com o crescente casos de notifica\u00e7\u00f5es de dengue, o Munic\u00edpio de Corumb\u00e1 est\u00e1 intensificando\u00a0a aplica\u00e7\u00e3o de inseticida, por meio da bomba motorizada, popularmente conhecido como\u00a0<em>Fumac\u00ea<\/em>, s\u00e3o dois ve\u00edculos que est\u00e3o percorrendo os Bairros que possuem maior incid\u00eancia. \u00c9 importante que a popula\u00e7\u00e3o mantenha portas e janelas abertas, quando o ve\u00edculo passar pela rua, pois \u00e9 onde normalmente o Aedes Aegypti se abriga e onde se concentra a maioria dos focos.<\/p>\n<p class=\"western\">A aplica\u00e7\u00e3o do inseticida visa atingir, principalmente, as f\u00eameas do mosquito causador das doen\u00e7as, mas \u00e9 poss\u00edvel que outras esp\u00e9cies de insetos sejam atingidas e por isso a utiliza\u00e7\u00e3o deste m\u00e9todo de aplica\u00e7\u00e3o ocorrer de forma criteriosa, conforme orienta\u00e7\u00f5es do Minist\u00e9rio da Sa\u00fade.<\/p>\n<p class=\"western\">Veja abaixo o Cronograma do Fumac\u00ea:<\/p>\n<p class=\"western\">1\u00ba<sup>\u00a0<\/sup>Ciclo da Semana 15 a 18 de Abril de 2019.<\/p>\n<p class=\"western\">\n<table width=\"591\" cellspacing=\"0\" cellpadding=\"7\">\n<colgroup>\n<col width=\"83\" \/>\n<col width=\"96\" \/>\n<col width=\"266\" \/>\n<col width=\"88\" \/><\/colgroup>\n<tbody>\n<tr valign=\"top\">\n<td width=\"83\">\n<p class=\"western\"><strong>DATA<\/strong><\/p>\n<\/td>\n<td width=\"96\">\n<p class=\"western\"><strong>LOCAL<\/strong><\/p>\n<\/td>\n<td width=\"266\">\n<p class=\"western\"><strong>PER\u00cdMETRO<\/strong><\/p>\n<\/td>\n<td width=\"88\">\n<p class=\"western\"><strong>HOR\u00c1RIO<\/strong><\/p>\n<\/td>\n<\/tr>\n<tr valign=\"top\">\n<td width=\"83\">\n<p class=\"western\">16\/04\/2019<\/p>\n<\/td>\n<td width=\"96\">\n<p class=\"western\">Centro:<\/p>\n<\/td>\n<td width=\"266\">\n<p class=\"western\">Rua Edu rocha com a Rua Wenceslau de Barros at\u00e9 a Avenida General Rondon, at\u00e9 a rua Albuquerque e Rua Matogrosso &#8211; 80 Quarteir\u00f5es . T\u00e9rmino<\/p>\n<\/td>\n<td width=\"88\">\n<p class=\"western\">3h:30min \u00e0s 7 horas da manh\u00e3<\/p>\n<\/td>\n<\/tr>\n<tr valign=\"top\">\n<td width=\"83\" height=\"48\">\n<p class=\"western\">16\/04\/2019<\/p>\n<\/td>\n<td width=\"96\">\n<p class=\"western\">Jardim dos Estados\/ Guarany\/ Previsul e Industrial<\/p>\n<\/td>\n<td width=\"266\">\n<p class=\"western\">Ruas: Luis Feitosa Rodrigues, R. Paran\u00e1, Al S\u00e3o Tom\u00e9 e Rua Piau\u00ed &#8211; 40 Quarteir\u00f5es &#8211; T\u00e9rmino<\/p>\n<p class=\"western\">Ruas Firmo de Matos, Piau\u00ed, Rep\u00fablica da Bol\u00edvia e Rua Cear\u00e1. Rua Esmeralda, Rui Barbosa, N. S. do Carmo, Alameda sem denomina\u00e7\u00e3o. Rua Rubi, Paralela da Rubi, Br 262.<\/p>\n<\/td>\n<td width=\"88\">\n<p class=\"western\">16h:30min. \u00e0s 19h:30min<\/p>\n<\/td>\n<\/tr>\n<tr valign=\"top\">\n<td width=\"83\">\n<p class=\"western\">17\/04\/2019<\/p>\n<\/td>\n<td width=\"96\">\n<p class=\"western\">Aeroporto\/Cristo Redentor \/<\/p>\n<\/td>\n<td width=\"266\">\n<p class=\"western\">Ruas Ed\u00fa Rocha, Santos Dumont, Joaquim Wenceslau, Amazonas e D. Pedro II &#8211; 85 Quarteir\u00f5es. Rua Sete de Setembro, R. Monteiro Lobato, Alameda Ana Neri, R. Bar\u00e3o de Melga\u00e7o.<\/p>\n<\/td>\n<td width=\"88\">\n<p class=\"western\">3h:30min \u00e0s 7 horas da manh\u00e3<\/p>\n<\/td>\n<\/tr>\n<tr valign=\"top\">\n<td width=\"83\">\n<p class=\"western\">17\/04\/2019<\/p>\n<\/td>\n<td width=\"96\">\n<p class=\"western\">Nova Corumb\u00e1\/Universit\u00e1rio\/Centro Am\u00e9rica<\/p>\n<\/td>\n<td width=\"266\">\n<p class=\"western\">Ruas 21 de Setembro, Rua Cear\u00e1, Rep\u00fablica do Paraguai, Jos\u00e9 Maciel de Barros. Av. N. S. da Candel\u00e1ria, R. Albuquerque, Mato Grosso, General Dutra. R. R. Fernando de Barros, Sargento Aquino, Rui Barbosa,<\/p>\n<\/td>\n<td width=\"88\">\n<p class=\"western\">16h:30min. \u00e0s 19h:30min<\/p>\n<\/td>\n<\/tr>\n<tr valign=\"top\">\n<td width=\"83\">\n<p class=\"western\">18\/04\/2019<\/p>\n<\/td>\n<td width=\"96\">\n<p class=\"western\">D. Bosco\/ Generoso\/Beira Rio\/Arthur Marinho\/ Cravo\/ Maria Leite\/<\/p>\n<\/td>\n<td width=\"266\">\n<p class=\"western\">Ruas Jos\u00e9 Flagelli, Delamare, Rodovia Ram\u00f3n Gomes, Luis Feitosa, Delamare, Ciriaco de Toledo, Am\u00e9rica. Ladeira D. Em\u00edlia, R Manoel Cavassa, Ladeira Jos\u00e9 Bonif\u00e1cio, General Rondon. Alameda Tamengo, Jos\u00e9 Sabino, Av Gabriel Vandoni e Delamare. Rua Santa Catarina, Firmo de Matos, Major Gama. Avenida General Dutra, Rua Meire Ter\u00eancia, BR 262, Alameda Santa Rosa.<\/p>\n<\/td>\n<td width=\"88\">\n<p class=\"western\">3h:30min \u00e0s 7 horas da manh\u00e3<\/p>\n<\/td>\n<\/tr>\n<tr valign=\"top\">\n<td width=\"83\">\n<p class=\"western\">18\/04\/2019<\/p>\n<\/td>\n<td width=\"96\">\n<p class=\"western\">Nova Corumb\u00e1\/N. S. de F\u00e1tima, Cervejaria\/ Guat\u00f3s\/<\/p>\n<\/td>\n<td width=\"266\">\n<p class=\"western\">Ruas: D. Pedro I, Major Gama, Gon\u00e7alves dias e Edu Rocha, Escada da 15 de Novembro, Domingos Sahib, Alameda Tamengo e Delamare. Rua Antonio Maria, Rua Paran\u00e1, 21 de Setembro e Tenente Mendes.<\/p>\n<\/td>\n<\/tr>\n<\/tbody>\n<\/table>\n","protected":false},"excerpt":{"rendered":"<p>Com o crescente casos de notifica\u00e7\u00f5es de dengue, o Munic\u00edpio de Corumb\u00e1 est\u00e1 intensificando\u00a0a aplica\u00e7\u00e3o&#8230;<\/p>\n","protected":false},"author":1,"featured_media":30017,"comment_status":"closed","ping_status":"closed","sticky":false,"template":"","format":"standard","meta":{"footnotes":""},"categories":[21],"tags":[],"class_list":["post-30016","post","type-post","status-publish","format-standard","has-post-thumbnail","hentry","category-saude"],"_links":{"self":[{"href":"https:\/\/www.corumbaonline.com.br\/news\/wp-json\/wp\/v2\/posts\/30016","targetHints":{"allow":["GET"]}}],"collection":[{"href":"https:\/\/www.corumbaonline.com.br\/news\/wp-json\/wp\/v2\/posts"}],"about":[{"href":"https:\/\/www.corumbaonline.com.br\/news\/wp-json\/wp\/v2\/types\/post"}],"author":[{"embeddable":true,"href":"https:\/\/www.corumbaonline.com.br\/news\/wp-json\/wp\/v2\/users\/1"}],"replies":[{"embeddable":true,"href":"https:\/\/www.corumbaonline.com.br\/news\/wp-json\/wp\/v2\/comments?post=30016"}],"version-history":[{"count":1,"href":"https:\/\/www.corumbaonline.com.br\/news\/wp-json\/wp\/v2\/posts\/30016\/revisions"}],"predecessor-version":[{"id":30018,"href":"https:\/\/www.corumbaonline.com.br\/news\/wp-json\/wp\/v2\/posts\/30016\/revisions\/30018"}],"wp:featuredmedia":[{"embeddable":true,"href":"https:\/\/www.corumbaonline.com.br\/news\/wp-json\/wp\/v2\/media\/30017"}],"wp:attachment":[{"href":"https:\/\/www.corumbaonline.com.br\/news\/wp-json\/wp\/v2\/media?parent=30016"}],"wp:term":[{"taxonomy":"category","embeddable":true,"href":"https:\/\/www.corumbaonline.com.br\/news\/wp-json\/wp\/v2\/categories?post=30016"},{"taxonomy":"post_tag","embeddable":true,"href":"https:\/\/www.corumbaonline.com.br\/news\/wp-json\/wp\/v2\/tags?post=30016"}],"curies":[{"name":"wp","href":"https:\/\/api.w.org\/{rel}","templated":true}]}}