{"id":30029,"date":"2019-04-16T12:00:20","date_gmt":"2019-04-16T16:00:20","guid":{"rendered":"http:\/\/www.corumbaonline.com.br\/news\/?p=30029"},"modified":"2019-04-16T12:37:09","modified_gmt":"2019-04-16T16:37:09","slug":"ccj-da-camara-debate-parecer-da-reforma-da-previdencia","status":"publish","type":"post","link":"https:\/\/www.corumbaonline.com.br\/news\/ccj-da-camara-debate-parecer-da-reforma-da-previdencia\/","title":{"rendered":"CCJ da C\u00e2mara debate parecer da reforma da Previd\u00eancia"},"content":{"rendered":"<p>A Comiss\u00e3o de Constitui\u00e7\u00e3o e Justi\u00e7a (CCJ) da C\u00e2mara dos Deputados est\u00e1 reunida desde as 10h15 de hoje (16) para debater o parecer do relator da reforma da Previd\u00eancia, deputado Delegado Marcelo Freitas (PSL-MG). Ele recomenda a admissibilidade da proposta de emenda \u00e0 Constitui\u00e7\u00e3o (PEC 6\/19).<\/p>\n<p>Para o presidente da C\u00e2mara, deputado Rodrigo Maia (DEM-RJ), o ideal seria que o relat\u00f3rio seja votado at\u00e9 amanh\u00e3 (17) na CCJ. \u201cN\u00e3o faz sentido na Comiss\u00e3o de Constitui\u00e7\u00e3o e Justi\u00e7a ter mais de 100 inscritos [para falar]. Isso n\u00e3o \u00e9 razo\u00e1vel. Um acordo para todos falarem \u00e9 um acordo que inviabiliza qualquer procedimento daqueles que querem colaborar\u201d, disse.<\/p>\n<p>Maia defende que o debate sobre a reforma da Previd\u00eancia se estenda at\u00e9 de madrugada, para que o texto seja votado ainda nesta quarta-feira (17). \u201cN\u00e3o podemos deixar de sinalizar de forma muito objetiva para a sociedade que temos clareza que o Estado brasileiro vai quebrar se n\u00e3o reformarmos a Previd\u00eancia\u201d.<\/p>\n<p>Ontem (15), o presidente do colegiado, deputado Felipe Francischini (PSL-PR), descartou que o calend\u00e1rio previsto para vota\u00e7\u00e3o do relat\u00f3rio da reforma da Previd\u00eancia esteja prejudicado. A perspectiva da comiss\u00e3o \u00e9 que\u00a0<a href=\"http:\/\/agenciabrasil.ebc.com.br\/politica\/noticia\/2019-04\/ccj-aprova-inversao-de-pauta-e-discute-orcamento-impositivo\">o texto seja votado na quarta-feira, dia 24<\/a>.<\/p>\n<p>Ap\u00f3s a aprova\u00e7\u00e3o na sess\u00e3o de ontem (15) da CCJ da invers\u00e3o de pauta para a an\u00e1lise da proposta que amplia o or\u00e7amento impositivo (PEC 34\/19), a discuss\u00e3o sobre a reforma previdenci\u00e1ria foi adiada para esta ter\u00e7a-feira (16).<\/p>\n<p>O colegiado\u00a0<a href=\"http:\/\/agenciabrasil.ebc.com.br\/politica\/noticia\/2019-04\/ccj-aprova-orcamento-impositivo-previdencia-sera-debatida-nesta-terca\" target=\"_blank\" rel=\"noopener\">aprovou nesta segunda-feira (15) a constitucionalidade da PEC 34\/19<\/a>, que amplia o or\u00e7amento impositivo para as emendas de bancadas estaduais e do Distrito Federal ao Or\u00e7amento da Uni\u00e3o.<\/p>\n","protected":false},"excerpt":{"rendered":"<p>A Comiss\u00e3o de Constitui\u00e7\u00e3o e Justi\u00e7a (CCJ) da C\u00e2mara dos Deputados est\u00e1 reunida desde as&#8230;<\/p>\n","protected":false},"author":1,"featured_media":0,"comment_status":"closed","ping_status":"closed","sticky":false,"template":"","format":"standard","meta":{"footnotes":""},"categories":[19],"tags":[],"class_list":["post-30029","post","type-post","status-publish","format-standard","hentry","category-politica"],"_links":{"self":[{"href":"https:\/\/www.corumbaonline.com.br\/news\/wp-json\/wp\/v2\/posts\/30029","targetHints":{"allow":["GET"]}}],"collection":[{"href":"https:\/\/www.corumbaonline.com.br\/news\/wp-json\/wp\/v2\/posts"}],"about":[{"href":"https:\/\/www.corumbaonline.com.br\/news\/wp-json\/wp\/v2\/types\/post"}],"author":[{"embeddable":true,"href":"https:\/\/www.corumbaonline.com.br\/news\/wp-json\/wp\/v2\/users\/1"}],"replies":[{"embeddable":true,"href":"https:\/\/www.corumbaonline.com.br\/news\/wp-json\/wp\/v2\/comments?post=30029"}],"version-history":[{"count":1,"href":"https:\/\/www.corumbaonline.com.br\/news\/wp-json\/wp\/v2\/posts\/30029\/revisions"}],"predecessor-version":[{"id":30030,"href":"https:\/\/www.corumbaonline.com.br\/news\/wp-json\/wp\/v2\/posts\/30029\/revisions\/30030"}],"wp:attachment":[{"href":"https:\/\/www.corumbaonline.com.br\/news\/wp-json\/wp\/v2\/media?parent=30029"}],"wp:term":[{"taxonomy":"category","embeddable":true,"href":"https:\/\/www.corumbaonline.com.br\/news\/wp-json\/wp\/v2\/categories?post=30029"},{"taxonomy":"post_tag","embeddable":true,"href":"https:\/\/www.corumbaonline.com.br\/news\/wp-json\/wp\/v2\/tags?post=30029"}],"curies":[{"name":"wp","href":"https:\/\/api.w.org\/{rel}","templated":true}]}}