{"id":30040,"date":"2019-04-17T08:27:15","date_gmt":"2019-04-17T12:27:15","guid":{"rendered":"http:\/\/www.corumbaonline.com.br\/news\/?p=30040"},"modified":"2019-04-17T09:26:43","modified_gmt":"2019-04-17T13:26:43","slug":"ccj-marca-votacao-da-reforma-da-previdencia-para-a-manha-desta-quarta","status":"publish","type":"post","link":"https:\/\/www.corumbaonline.com.br\/news\/ccj-marca-votacao-da-reforma-da-previdencia-para-a-manha-desta-quarta\/","title":{"rendered":"CCJ marca vota\u00e7\u00e3o da reforma da Previd\u00eancia para a manh\u00e3 desta quarta"},"content":{"rendered":"<p>Ap\u00f3s uma sess\u00e3o que durou mais de 12 horas, a\u00a0Comiss\u00e3o de Constitui\u00e7\u00e3o e Justi\u00e7a e de Cidadania (CCJ) da C\u00e2mara concluiu na noite desta ter\u00e7a-feira (16) a fase de discuss\u00e3o da proposta de emenda \u00e0 Constitui\u00e7\u00e3o da reforma da Previd\u00eancia (PEC 6\/19) ap\u00f3s um acordo de l\u00edderes e o presidente da CCJ, \u00a0Felipe Francischini (PSL-PR), marcou para a manh\u00e3 desta quarta-feira o in\u00edcio da vota\u00e7\u00e3o do parecer do relator da reforma, deputado Delegado Marcelo Freitas (PSL-MG).<\/p>\n<p>A sess\u00e3o de vota\u00e7\u00e3o est\u00e1 marcada para as 10h, hor\u00e1rio que, segundo Francischini, j\u00e1 estava agendada para a sess\u00e3o da CCJ.<\/p>\n<p>As discuss\u00f5es terminaram \u00e0s 23h28, ap\u00f3s um atraso de 1 hora e 17 minutos, resultado de uma obstru\u00e7\u00e3o do PSOL na sess\u00e3o da comiss\u00e3o no per\u00edodo da manh\u00e3. \u00c0 noite, ap\u00f3s o acordo de lideran\u00e7as, concordou-se que a sess\u00e3o fosse encerrada por volta das 23h30, ap\u00f3s o fim da fala dos parlamentares, e a retomada no dia seguinte com a vota\u00e7\u00e3o da PEC.<\/p>\n<p>\u201cHoje iniciamos o dia com a previs\u00e3o de que s\u00f3 encerrar\u00edamos a discuss\u00e3o na semana que vem, ent\u00e3o a vota\u00e7\u00e3o talvez nem na semana que vem ocorresse, ent\u00e3o vamos conseguir encerrar essa discuss\u00e3o [nesta ter\u00e7a] e amanh\u00e3 fazer a sess\u00e3o que n\u00f3s temos para iniciar a vota\u00e7\u00e3o j\u00e1 direto na vota\u00e7\u00e3o\u201d, disse Francischini.<\/p>\n<p>Para que as discuss\u00f5es pudessem ser encerradas hoje, v\u00e1rios parlamentares favor\u00e1veis ao texto abriram m\u00e3o de suas falas. No in\u00edcio da noite, dos 62 deputados que estavam inscritos a falar a favor da reforma e 65 contra.\u00a0No total, 19 parlamentares falaram a favor,\u00a055 contra e 14 l\u00edderes partid\u00e1rios.<\/p>\n<p>Se a reforma da Previd\u00eancia for aprovada pela CCJ, segue para a an\u00e1lise de uma comiss\u00e3o especial e, depois, para vota\u00e7\u00e3o no Plen\u00e1rio da C\u00e2mara.<\/p>\n","protected":false},"excerpt":{"rendered":"<p>Ap\u00f3s uma sess\u00e3o que durou mais de 12 horas, a\u00a0Comiss\u00e3o de Constitui\u00e7\u00e3o e Justi\u00e7a e&#8230;<\/p>\n","protected":false},"author":1,"featured_media":0,"comment_status":"closed","ping_status":"closed","sticky":false,"template":"","format":"standard","meta":{"footnotes":""},"categories":[19],"tags":[],"class_list":["post-30040","post","type-post","status-publish","format-standard","hentry","category-politica"],"_links":{"self":[{"href":"https:\/\/www.corumbaonline.com.br\/news\/wp-json\/wp\/v2\/posts\/30040","targetHints":{"allow":["GET"]}}],"collection":[{"href":"https:\/\/www.corumbaonline.com.br\/news\/wp-json\/wp\/v2\/posts"}],"about":[{"href":"https:\/\/www.corumbaonline.com.br\/news\/wp-json\/wp\/v2\/types\/post"}],"author":[{"embeddable":true,"href":"https:\/\/www.corumbaonline.com.br\/news\/wp-json\/wp\/v2\/users\/1"}],"replies":[{"embeddable":true,"href":"https:\/\/www.corumbaonline.com.br\/news\/wp-json\/wp\/v2\/comments?post=30040"}],"version-history":[{"count":1,"href":"https:\/\/www.corumbaonline.com.br\/news\/wp-json\/wp\/v2\/posts\/30040\/revisions"}],"predecessor-version":[{"id":30041,"href":"https:\/\/www.corumbaonline.com.br\/news\/wp-json\/wp\/v2\/posts\/30040\/revisions\/30041"}],"wp:attachment":[{"href":"https:\/\/www.corumbaonline.com.br\/news\/wp-json\/wp\/v2\/media?parent=30040"}],"wp:term":[{"taxonomy":"category","embeddable":true,"href":"https:\/\/www.corumbaonline.com.br\/news\/wp-json\/wp\/v2\/categories?post=30040"},{"taxonomy":"post_tag","embeddable":true,"href":"https:\/\/www.corumbaonline.com.br\/news\/wp-json\/wp\/v2\/tags?post=30040"}],"curies":[{"name":"wp","href":"https:\/\/api.w.org\/{rel}","templated":true}]}}