{"id":30046,"date":"2019-04-17T09:08:02","date_gmt":"2019-04-17T13:08:02","guid":{"rendered":"http:\/\/www.corumbaonline.com.br\/news\/?p=30046"},"modified":"2019-04-17T09:44:37","modified_gmt":"2019-04-17T13:44:37","slug":"deputado-evander-vendramini-solicita-recapeamento-e-tapa-buracos-nas-ruas-de-jardim","status":"publish","type":"post","link":"https:\/\/www.corumbaonline.com.br\/news\/deputado-evander-vendramini-solicita-recapeamento-e-tapa-buracos-nas-ruas-de-jardim\/","title":{"rendered":"Deputado Evander Vendramini solicita recapeamento e tapa-buracos nas ruas de Jardim"},"content":{"rendered":"<p>Durante a sess\u00e3o plen\u00e1ria desta ter\u00e7a-feira, 16, da Assembleia Legislativa, o deputado estadual Evander Vendramini (PP) solicitou provid\u00eancias para libera\u00e7\u00e3o de recursos para recapeamento e opera\u00e7\u00e3o tapa-buracos em diversas ruas do munic\u00edpio de Jardim. O requerimento foi encaminhado para o Governo do estado e para a Secretaria de Estado de Infraestrutura.<\/p>\n<p>Conforme o deputado, os recursos podem ser disponibilizados pelo or\u00e7amento do Fundo de Desenvolvimento do Sistema Rodovi\u00e1rio do Estado do Mato Grosso do Sul (Fundersul),que conta com um valor aproximado de R$ 160 milh\u00f5es para atender as demandas dos munic\u00edpios do Estado. A reivindica\u00e7\u00e3o dos jardinenses que chegou ao Gabinete do parlamentar por meio dos vereadores Jaime Echeverria e K\u00e1tia Farias (ambos PSDB).<\/p>\n<p>\u201cJardim \u00e9 um munic\u00edpio com diversos atrativos tur\u00edsticos, que recebe pessoas o ano todo para desfrutarem de sua beleza. A cidade tamb\u00e9m \u00e9 ponto de passagem para outros munic\u00edpios bastante visitados, como Bonito e Porto Murtinho, entre outros. O Poder P\u00fablico precisa oferecer meios e infraestrutura para que a cidade possa atrair mais e mais turistas\u201d, justificou Evander.<\/p>\n<p>As vias que necessitam de reparos s\u00e3o as avenidas Brasil, em toda sua extens\u00e3o at\u00e9 a Ponte Velha, Mato Grosso e Alcides Carvalho Flores, al\u00e9m das ruas F\u00e1bio Martis Barbosa, Val\u00e9rio de Freitas e Maracaju.<\/p>\n","protected":false},"excerpt":{"rendered":"<p>Durante a sess\u00e3o plen\u00e1ria desta ter\u00e7a-feira, 16, da Assembleia Legislativa, o deputado estadual Evander Vendramini&#8230;<\/p>\n","protected":false},"author":1,"featured_media":0,"comment_status":"closed","ping_status":"closed","sticky":false,"template":"","format":"standard","meta":{"footnotes":""},"categories":[19],"tags":[],"class_list":["post-30046","post","type-post","status-publish","format-standard","hentry","category-politica"],"_links":{"self":[{"href":"https:\/\/www.corumbaonline.com.br\/news\/wp-json\/wp\/v2\/posts\/30046","targetHints":{"allow":["GET"]}}],"collection":[{"href":"https:\/\/www.corumbaonline.com.br\/news\/wp-json\/wp\/v2\/posts"}],"about":[{"href":"https:\/\/www.corumbaonline.com.br\/news\/wp-json\/wp\/v2\/types\/post"}],"author":[{"embeddable":true,"href":"https:\/\/www.corumbaonline.com.br\/news\/wp-json\/wp\/v2\/users\/1"}],"replies":[{"embeddable":true,"href":"https:\/\/www.corumbaonline.com.br\/news\/wp-json\/wp\/v2\/comments?post=30046"}],"version-history":[{"count":1,"href":"https:\/\/www.corumbaonline.com.br\/news\/wp-json\/wp\/v2\/posts\/30046\/revisions"}],"predecessor-version":[{"id":30047,"href":"https:\/\/www.corumbaonline.com.br\/news\/wp-json\/wp\/v2\/posts\/30046\/revisions\/30047"}],"wp:attachment":[{"href":"https:\/\/www.corumbaonline.com.br\/news\/wp-json\/wp\/v2\/media?parent=30046"}],"wp:term":[{"taxonomy":"category","embeddable":true,"href":"https:\/\/www.corumbaonline.com.br\/news\/wp-json\/wp\/v2\/categories?post=30046"},{"taxonomy":"post_tag","embeddable":true,"href":"https:\/\/www.corumbaonline.com.br\/news\/wp-json\/wp\/v2\/tags?post=30046"}],"curies":[{"name":"wp","href":"https:\/\/api.w.org\/{rel}","templated":true}]}}