{"id":30055,"date":"2019-04-17T09:50:27","date_gmt":"2019-04-17T13:50:27","guid":{"rendered":"http:\/\/www.corumbaonline.com.br\/news\/?p=30055"},"modified":"2019-04-17T10:52:42","modified_gmt":"2019-04-17T14:52:42","slug":"abertura-de-cpi-da-lava-toga-no-senado-sera-decidida-em-plenario","status":"publish","type":"post","link":"https:\/\/www.corumbaonline.com.br\/news\/abertura-de-cpi-da-lava-toga-no-senado-sera-decidida-em-plenario\/","title":{"rendered":"Abertura de CPI da Lava Toga no Senado ser\u00e1 decidida em plen\u00e1rio"},"content":{"rendered":"<p>O presidente do Senado, Davi Alcolumbre (DEM-AP), disse ontem (16) que submeter\u00e1 ao plen\u00e1rio da Casa a decis\u00e3o de instaurar ou n\u00e3o a Comiss\u00e3o Parlamentar de Inqu\u00e9rito (CPI) das Cortes Superiores, conhecida como Lava Toga. N\u00e3o foi definida, no entanto, uma data para o assunto ir a vota\u00e7\u00e3o na Casa.<\/p>\n<p>Na semana passada, o pedido de\u00a0<a href=\"http:\/\/agenciabrasil.ebc.com.br\/politica\/noticia\/2019-04\/ccj-do-senado-decide-pelo-arquivamento-da-lava-toga\" target=\"_blank\" rel=\"noopener\">abertura de CPI foi rejeitado<\/a>\u00a0na Comiss\u00e3o de Constitui\u00e7\u00e3o e Justi\u00e7a (CCJ). Segundo Alcolumbre, a aus\u00eancia de recursos contra a decis\u00e3o da CCJ seria o suficiente para arquivar o pedido, mas o presidente citou \u201ccompromisso pol\u00edtico\u201d para justificar sua decis\u00e3o.<\/p>\n<p>\u201cA mat\u00e9ria deveria ir ao arquivamento, nos termos do regimento interno. No entanto, a presid\u00eancia assumiu o compromisso pol\u00edtico de submeter a mat\u00e9ria ao plen\u00e1rio\u201d, disse Alcolumbre no final da sess\u00e3o deliberativa. \u201cA despeito do que prev\u00ea o regimento interno, esta presid\u00eancia considerar\u00e1 como se houvesse sido apresentado recurso contra a decis\u00e3o da CCJ, de forma que a mat\u00e9ria ser\u00e1 oportunamente pautada para delibera\u00e7\u00e3o do plen\u00e1rio\u201d.<\/p>\n<p>O an\u00fancio de Alcolumbre ocorreu em um dia de muitas cr\u00edticas ao Supremo Tribunal Federal (STF) no plen\u00e1rio do Senado. Foi assunto tanto no plen\u00e1rio quando nos corredores do Senado a instaura\u00e7\u00e3o de inqu\u00e9rito e o cumprimento de mandados de busca e apreens\u00e3o contra pessoas que teriam feito\u00a0<a href=\"http:\/\/agenciabrasil.ebc.com.br\/justica\/noticia\/2019-04\/pf-cumpre-mandados-em-inquerito-sobre-ofensas-ministros-do-stf\" target=\"_blank\" rel=\"noopener\">ofensas a ministros e ao Supremo<\/a>\u00a0nas redes sociais. Al\u00e9m disso, os senadores lembraram a\u00a0<a href=\"http:\/\/agenciabrasil.ebc.com.br\/justica\/noticia\/2019-04\/moraes-nega-pedido-de-pgr-e-mantem-inquerito-para-apurar-fake-news\" target=\"_blank\" rel=\"noopener\">recusa\u00a0do ministro Alexandre de Moraes\u00a0<\/a>em arquivar o processo, ap\u00f3s a procuradoria-geral da Uni\u00e3o\u00a0<a href=\"http:\/\/agenciabrasil.ebc.com.br\/justica\/noticia\/2019-04\/dodge-arquiva-inquerito-para-apurar-ofensas-ministros-do-stf\" target=\"_blank\" rel=\"noopener\">arquivar a parte do inqu\u00e9rito<\/a>\u00a0que deveria caber legalmente \u00e0 PGR.<\/p>\n","protected":false},"excerpt":{"rendered":"<p>O presidente do Senado, Davi Alcolumbre (DEM-AP), disse ontem (16) que submeter\u00e1 ao plen\u00e1rio da&#8230;<\/p>\n","protected":false},"author":1,"featured_media":0,"comment_status":"closed","ping_status":"closed","sticky":false,"template":"","format":"standard","meta":{"footnotes":""},"categories":[19],"tags":[],"class_list":["post-30055","post","type-post","status-publish","format-standard","hentry","category-politica"],"_links":{"self":[{"href":"https:\/\/www.corumbaonline.com.br\/news\/wp-json\/wp\/v2\/posts\/30055","targetHints":{"allow":["GET"]}}],"collection":[{"href":"https:\/\/www.corumbaonline.com.br\/news\/wp-json\/wp\/v2\/posts"}],"about":[{"href":"https:\/\/www.corumbaonline.com.br\/news\/wp-json\/wp\/v2\/types\/post"}],"author":[{"embeddable":true,"href":"https:\/\/www.corumbaonline.com.br\/news\/wp-json\/wp\/v2\/users\/1"}],"replies":[{"embeddable":true,"href":"https:\/\/www.corumbaonline.com.br\/news\/wp-json\/wp\/v2\/comments?post=30055"}],"version-history":[{"count":1,"href":"https:\/\/www.corumbaonline.com.br\/news\/wp-json\/wp\/v2\/posts\/30055\/revisions"}],"predecessor-version":[{"id":30056,"href":"https:\/\/www.corumbaonline.com.br\/news\/wp-json\/wp\/v2\/posts\/30055\/revisions\/30056"}],"wp:attachment":[{"href":"https:\/\/www.corumbaonline.com.br\/news\/wp-json\/wp\/v2\/media?parent=30055"}],"wp:term":[{"taxonomy":"category","embeddable":true,"href":"https:\/\/www.corumbaonline.com.br\/news\/wp-json\/wp\/v2\/categories?post=30055"},{"taxonomy":"post_tag","embeddable":true,"href":"https:\/\/www.corumbaonline.com.br\/news\/wp-json\/wp\/v2\/tags?post=30055"}],"curies":[{"name":"wp","href":"https:\/\/api.w.org\/{rel}","templated":true}]}}