{"id":30066,"date":"2019-04-17T10:54:44","date_gmt":"2019-04-17T14:54:44","guid":{"rendered":"http:\/\/www.corumbaonline.com.br\/news\/?p=30066"},"modified":"2019-04-17T12:05:37","modified_gmt":"2019-04-17T16:05:37","slug":"ccj-retoma-votacao-do-parecer-da-reforma-da-previdencia","status":"publish","type":"post","link":"https:\/\/www.corumbaonline.com.br\/news\/ccj-retoma-votacao-do-parecer-da-reforma-da-previdencia\/","title":{"rendered":"CCJ retoma vota\u00e7\u00e3o do parecer da reforma da Previd\u00eancia"},"content":{"rendered":"<p>Em uma sess\u00e3o tumultuada, a Comiss\u00e3o de Constitui\u00e7\u00e3o e Justi\u00e7a e de Cidadania (CCJ) da C\u00e2mara dos Deputados est\u00e1 reunida nesta quarta-feira (17), desde as 10h50, para votar o parecer da proposta de emenda \u00e0 Constitui\u00e7\u00e3o da reforma da Previd\u00eancia (PEC 6\/19), do deputado Delegado Marcelo Freitas (PSL-MG).<\/p>\n<p>O l\u00edder do governo na C\u00e2mara, Major Vitor Hugo (PSL-GO), disse que a expectativa \u00e9 vencer a obstru\u00e7\u00e3o da oposi\u00e7\u00e3o e votar ainda hoje o texto. \u201cExiste a perspectiva real de se votar hoje, mas j\u00e1 sabendo que, se n\u00e3o votar hoje, n\u00e3o \u00e9 um problema para n\u00f3s\u201d, disse antes do in\u00edcio da sess\u00e3o.<\/p>\n<p>\u201cQueremos fazer a reforma r\u00e1pido, que os efeitos fiscais da aprova\u00e7\u00e3o da reforma se deem [resultados] ainda este ano, mas n\u00e3o queremos fazer nada a\u00e7odado, com atropelos, inclusive para n\u00e3o ter questionamentos judiciais acerca da aprova\u00e7\u00e3o\u201d, acrescentou o l\u00edder do governo.<\/p>\n<p>Segundo a vice-l\u00edder do PT, Erika Kokay (DF), a oposi\u00e7\u00e3o vai tentar obstruir a vota\u00e7\u00e3o do parecer para impedir a aprova\u00e7\u00e3o do texto que, na sua avalia\u00e7\u00e3o, vai \u201cdestruir a Previd\u00eancia\u201d do pa\u00eds.<\/p>\n<h2>Sess\u00e3o<\/h2>\n<p>Ap\u00f3s uma sess\u00e3o que durou mais de 12 horas, a CCJ concluiu na noite desta ter\u00e7a-feira (16) a fase de discuss\u00e3o do parecer do relator.\u00a0<a href=\"http:\/\/agenciabrasil.ebc.com.br\/politica\/noticia\/2019-04\/ccj-marca-votacao-da-reforma-da-previdencia-para-manha-desta-quarta\" target=\"_blank\" rel=\"noopener\">Depois de um acordo de l\u00edderes\u00a0<\/a>com o presidente do colegiado, deputado Felipe Francischini (PSL-PR), ficou marcado para hoje o in\u00edcio da vota\u00e7\u00e3o do parecer do relator.<\/p>\n<p>Para que as discuss\u00f5es pudessem ser encerradas ontem \u00e0 noite, v\u00e1rios parlamentares favor\u00e1veis ao texto abriram m\u00e3o de suas falas.<\/p>\n<p>Assim que a proposta da reforma da Previd\u00eancia for aprovada pela CCJ, seguir\u00e1 para a an\u00e1lise de uma comiss\u00e3o especial e, depois, para vota\u00e7\u00e3o no plen\u00e1rio da C\u00e2mara, em duas vota\u00e7\u00f5es.<\/p>\n","protected":false},"excerpt":{"rendered":"<p>Em uma sess\u00e3o tumultuada, a Comiss\u00e3o de Constitui\u00e7\u00e3o e Justi\u00e7a e de Cidadania (CCJ) da&#8230;<\/p>\n","protected":false},"author":1,"featured_media":0,"comment_status":"closed","ping_status":"closed","sticky":false,"template":"","format":"standard","meta":{"footnotes":""},"categories":[19],"tags":[],"class_list":["post-30066","post","type-post","status-publish","format-standard","hentry","category-politica"],"_links":{"self":[{"href":"https:\/\/www.corumbaonline.com.br\/news\/wp-json\/wp\/v2\/posts\/30066","targetHints":{"allow":["GET"]}}],"collection":[{"href":"https:\/\/www.corumbaonline.com.br\/news\/wp-json\/wp\/v2\/posts"}],"about":[{"href":"https:\/\/www.corumbaonline.com.br\/news\/wp-json\/wp\/v2\/types\/post"}],"author":[{"embeddable":true,"href":"https:\/\/www.corumbaonline.com.br\/news\/wp-json\/wp\/v2\/users\/1"}],"replies":[{"embeddable":true,"href":"https:\/\/www.corumbaonline.com.br\/news\/wp-json\/wp\/v2\/comments?post=30066"}],"version-history":[{"count":1,"href":"https:\/\/www.corumbaonline.com.br\/news\/wp-json\/wp\/v2\/posts\/30066\/revisions"}],"predecessor-version":[{"id":30067,"href":"https:\/\/www.corumbaonline.com.br\/news\/wp-json\/wp\/v2\/posts\/30066\/revisions\/30067"}],"wp:attachment":[{"href":"https:\/\/www.corumbaonline.com.br\/news\/wp-json\/wp\/v2\/media?parent=30066"}],"wp:term":[{"taxonomy":"category","embeddable":true,"href":"https:\/\/www.corumbaonline.com.br\/news\/wp-json\/wp\/v2\/categories?post=30066"},{"taxonomy":"post_tag","embeddable":true,"href":"https:\/\/www.corumbaonline.com.br\/news\/wp-json\/wp\/v2\/tags?post=30066"}],"curies":[{"name":"wp","href":"https:\/\/api.w.org\/{rel}","templated":true}]}}