{"id":30078,"date":"2019-04-17T11:53:05","date_gmt":"2019-04-17T15:53:05","guid":{"rendered":"http:\/\/www.corumbaonline.com.br\/news\/?p=30078"},"modified":"2019-04-17T12:54:08","modified_gmt":"2019-04-17T16:54:08","slug":"ex-presidente-do-peru-morre-apos-dar-tiro-na-cabeca-ao-ser-preso","status":"publish","type":"post","link":"https:\/\/www.corumbaonline.com.br\/news\/ex-presidente-do-peru-morre-apos-dar-tiro-na-cabeca-ao-ser-preso\/","title":{"rendered":"Ex-presidente do Peru morre ap\u00f3s dar tiro na cabe\u00e7a ao ser preso"},"content":{"rendered":"<p>O ex-presidente do Peru Alan Garc\u00eda morreu hoje (17) durante cirurgia, depois de dar um tiro na cabe\u00e7a ao receber ordem de pris\u00e3o em sua casa, no bairro Miraflores, em Lima. Ele era acusado de corrup\u00e7\u00e3o em caso envolvendo a empresa brasileira Odebrecht. Garc\u00eda foi levado com urg\u00eancia ao Hospital Casimiro Ulloa, na capital peruana, mas n\u00e3o resistiu.<\/p>\n<div class=\"dnd-widget-wrapper context-cheio_8colunas type-image\">\n<div class=\"dnd-atom-rendered\">\n<figure class=\"mejs-fotoh-wrapper\">\n<p><figure style=\"width: 754px\" class=\"wp-caption alignnone\"><img loading=\"lazy\" decoding=\"async\" class=\"img-responsive full full\" title=\"Guadalupe Pardo\" src=\"http:\/\/imagens.ebc.com.br\/EQnlPNhWs_rLSAJHnihESLlZBQQ=\/754x0\/smart\/http:\/\/agenciabrasil.ebc.com.br\/sites\/default\/files\/thumbnails\/image\/2019-04-17t124337z_839666148_rc1e28f042d0_rtrmadp_3_peru-corruption-garcia.jpg?itok=ULYlZJxt\" alt=\"FAlan Garcia, Per\u00fa. REUTERS\/Guadalupe Pardo\/File Photo\" width=\"754\" height=\"503\" \/><figcaption class=\"wp-caption-text\">FAlan Garcia, Per\u00fa (REUTERS\/Guadalupe Pardo\/File Photo &#8211; Guadalupe Pardo)<\/figcaption><\/figure><\/figure>\n<\/div>\n<\/div>\n<p>De acordo com informa\u00e7\u00f5es m\u00e9dicas, o ex-presidente, 69 anos, teve tr\u00eas paradas card\u00edacas e foi reanimado. Ele deu entrada no hospital \u00e0s 6h45, com perfura\u00e7\u00f5es de entrada e sa\u00edda de bala no cr\u00e2nio.<\/p>\n<p>O presidente do Peru, Mart\u00edn Vizcarra, lamentou no Twitter a morte de Alan Garc\u00eda. &#8220;Consternado com a morte do ex-presidente. Envio minhas condol\u00eancias \u00e0 fam\u00edlia e pessoas queridas&#8221;<\/p>\n","protected":false},"excerpt":{"rendered":"<p>O ex-presidente do Peru Alan Garc\u00eda morreu hoje (17) durante cirurgia, depois de dar um&#8230;<\/p>\n","protected":false},"author":1,"featured_media":0,"comment_status":"closed","ping_status":"closed","sticky":false,"template":"","format":"standard","meta":{"footnotes":""},"categories":[15],"tags":[],"class_list":["post-30078","post","type-post","status-publish","format-standard","hentry","category-internacional"],"_links":{"self":[{"href":"https:\/\/www.corumbaonline.com.br\/news\/wp-json\/wp\/v2\/posts\/30078","targetHints":{"allow":["GET"]}}],"collection":[{"href":"https:\/\/www.corumbaonline.com.br\/news\/wp-json\/wp\/v2\/posts"}],"about":[{"href":"https:\/\/www.corumbaonline.com.br\/news\/wp-json\/wp\/v2\/types\/post"}],"author":[{"embeddable":true,"href":"https:\/\/www.corumbaonline.com.br\/news\/wp-json\/wp\/v2\/users\/1"}],"replies":[{"embeddable":true,"href":"https:\/\/www.corumbaonline.com.br\/news\/wp-json\/wp\/v2\/comments?post=30078"}],"version-history":[{"count":1,"href":"https:\/\/www.corumbaonline.com.br\/news\/wp-json\/wp\/v2\/posts\/30078\/revisions"}],"predecessor-version":[{"id":30079,"href":"https:\/\/www.corumbaonline.com.br\/news\/wp-json\/wp\/v2\/posts\/30078\/revisions\/30079"}],"wp:attachment":[{"href":"https:\/\/www.corumbaonline.com.br\/news\/wp-json\/wp\/v2\/media?parent=30078"}],"wp:term":[{"taxonomy":"category","embeddable":true,"href":"https:\/\/www.corumbaonline.com.br\/news\/wp-json\/wp\/v2\/categories?post=30078"},{"taxonomy":"post_tag","embeddable":true,"href":"https:\/\/www.corumbaonline.com.br\/news\/wp-json\/wp\/v2\/tags?post=30078"}],"curies":[{"name":"wp","href":"https:\/\/api.w.org\/{rel}","templated":true}]}}