{"id":30082,"date":"2019-04-17T16:20:39","date_gmt":"2019-04-17T20:20:39","guid":{"rendered":"http:\/\/www.corumbaonline.com.br\/news\/?p=30082"},"modified":"2019-04-17T16:52:34","modified_gmt":"2019-04-17T20:52:34","slug":"camara-cobra-imasul-para-acelerar-cedencia-de-embarcacao-da-ahipar","status":"publish","type":"post","link":"https:\/\/www.corumbaonline.com.br\/news\/camara-cobra-imasul-para-acelerar-cedencia-de-embarcacao-da-ahipar\/","title":{"rendered":"C\u00e2mara cobra Imasul para acelerar ced\u00eancia de embarca\u00e7\u00e3o da AHIPAR"},"content":{"rendered":"<p><span style=\"color: #000000;\">A libera\u00e7\u00e3o da embarca\u00e7\u00e3o \u201cEngenheiro Av\u00eddio de Mello\u201d, que se encontra em poder da Administra\u00e7\u00e3o da Hidrovia do Rio Paraguai (AHIPAR), para desobstru\u00e7\u00e3o do Rio Negrinho, afluente do Rio Taquari, est\u00e1 esbarrando na morosidade do IMASUL em encaminhar um of\u00edcio \u00e0 dire\u00e7\u00e3o do DNIT, solicitando somente a ced\u00eancia do rebocador, ficando o \u00f3rg\u00e3o governamental respons\u00e1vel pela contrata\u00e7\u00e3o de pessoal para operar a m\u00e1quina na execu\u00e7\u00e3o dos servi\u00e7os necess\u00e1rios naquela regi\u00e3o.<\/span><\/p>\n<p><span style=\"color: #000000;\">O assunto foi discutido na sess\u00e3o de ontem, segunda-feira, 15, da C\u00e2mara, durante explana\u00e7\u00e3o feita pelo vereador Chic\u00e3o Vianna que, por meio de requerimento em regime de urg\u00eancia especial, est\u00e1 solicitando \u00e0 ministra da Agricultura, Pecu\u00e1ria e Abastecimento, Tereza Cristina, \u00e9 \u00e0 deputada federal Beatriz Cavassa, a disponibiliza\u00e7\u00e3o de uma embarca\u00e7\u00e3o para remo\u00e7\u00e3o de plantas aqu\u00e1ticas, macr\u00f3fitas de rios, lagos e represas, do tipo HIDROTRACTOR, para atuar na limpeza do Rio Taquari e afluentes, visando assim solucionar um s\u00e9rio problema que tem afetado a navega\u00e7\u00e3o na regi\u00e3o, isolando fam\u00edlias, principalmente.<\/span><\/p>\n<p><span style=\"color: #000000;\">Durante o debate, o caso da embarca\u00e7\u00e3o da AHIPAR foi citada, inclusive com a cita\u00e7\u00e3o de um despacho de provid\u00eancias da promotora de Justi\u00e7a Ana Rachel Borges de Figueiredo Nina, que recomendou ao IMASUL, com a m\u00e1xima urg\u00eancia, providenciasse a abertura de procedimento administrativo de autoriza\u00e7\u00e3o ambiental para repara\u00e7\u00e3o e manuten\u00e7\u00e3o do leito e das margens, para restabelecer a vaz\u00e3o da \u00e1gua do leito natural, e a navegabilidade nos trechos obstru\u00eddos pelo assoreamento e pela vegeta\u00e7\u00e3o aqu\u00e1tica.<\/span><\/p>\n<p><span style=\"color: #000000;\">Em resposta, o IMASUL encaminhou of\u00edcio direcionado \u00e0 dire\u00e7\u00e3o do DNIT em Bras\u00edlia, solicitando a interven\u00e7\u00e3o do \u00f3rg\u00e3o junto \u00e0 AHIPAR, para libera\u00e7\u00e3o da embarca\u00e7\u00e3o. O DNIT, por sua vez, informou que o assunto est\u00e1 tramitando no \u00f3rg\u00e3o, em car\u00e1ter priorit\u00e1rio, e que o \u00fanico empecilho se deve justamente ao fato de que o IMASUL solicitou, al\u00e9m do maquin\u00e1rio, pessoal para realiza\u00e7\u00e3o do servi\u00e7o.<\/span><\/p>\n<p><span style=\"color: #000000;\">Dessa forma, a promotora sugeriu ao diretor-presidente do IMASUL, Ricardo \u00c9boli, a altera\u00e7\u00e3o do requerimento destinado ao DNIT, solicitando somente a ced\u00eancia da embarca\u00e7\u00e3o, lembrando que, na primeira quinzena de mar\u00e7o, o vereador Domingos Albaneze Neto, por meio de requerimento, fez a solicita\u00e7\u00e3o da ced\u00eancia da embarca\u00e7\u00e3o. O pedido foi direcionado ao senador Nelson Trad Filho, com c\u00f3pia \u00e0 promotora Ana Rachel.<\/span><\/p>\n<p><span style=\"color: #000000;\">Como est\u00e1 ocorrendo demora para a solu\u00e7\u00e3o do problema, a C\u00e2mara, por sugest\u00e3o do vereador Roberto Fa\u00e7anha, requereu tamb\u00e9m na sess\u00e3o de ontem, que o deputado Evander Vendramini interceda junto ao IMASUL, para libera\u00e7\u00e3o da embarca\u00e7\u00e3o o mais r\u00e1pido poss\u00edvel. Chic\u00e3o Vianna viajou para Campo Grande e levou em m\u00e3os o documento, entregando-o ao deputado estadual Evander Vendramini, com c\u00f3pias aos demais deputados estaduais.<\/span><\/p>\n","protected":false},"excerpt":{"rendered":"<p>A libera\u00e7\u00e3o da embarca\u00e7\u00e3o \u201cEngenheiro Av\u00eddio de Mello\u201d, que se encontra em poder da Administra\u00e7\u00e3o&#8230;<\/p>\n","protected":false},"author":1,"featured_media":30083,"comment_status":"closed","ping_status":"closed","sticky":false,"template":"","format":"standard","meta":{"footnotes":""},"categories":[19],"tags":[],"class_list":["post-30082","post","type-post","status-publish","format-standard","has-post-thumbnail","hentry","category-politica"],"_links":{"self":[{"href":"https:\/\/www.corumbaonline.com.br\/news\/wp-json\/wp\/v2\/posts\/30082","targetHints":{"allow":["GET"]}}],"collection":[{"href":"https:\/\/www.corumbaonline.com.br\/news\/wp-json\/wp\/v2\/posts"}],"about":[{"href":"https:\/\/www.corumbaonline.com.br\/news\/wp-json\/wp\/v2\/types\/post"}],"author":[{"embeddable":true,"href":"https:\/\/www.corumbaonline.com.br\/news\/wp-json\/wp\/v2\/users\/1"}],"replies":[{"embeddable":true,"href":"https:\/\/www.corumbaonline.com.br\/news\/wp-json\/wp\/v2\/comments?post=30082"}],"version-history":[{"count":1,"href":"https:\/\/www.corumbaonline.com.br\/news\/wp-json\/wp\/v2\/posts\/30082\/revisions"}],"predecessor-version":[{"id":30084,"href":"https:\/\/www.corumbaonline.com.br\/news\/wp-json\/wp\/v2\/posts\/30082\/revisions\/30084"}],"wp:featuredmedia":[{"embeddable":true,"href":"https:\/\/www.corumbaonline.com.br\/news\/wp-json\/wp\/v2\/media\/30083"}],"wp:attachment":[{"href":"https:\/\/www.corumbaonline.com.br\/news\/wp-json\/wp\/v2\/media?parent=30082"}],"wp:term":[{"taxonomy":"category","embeddable":true,"href":"https:\/\/www.corumbaonline.com.br\/news\/wp-json\/wp\/v2\/categories?post=30082"},{"taxonomy":"post_tag","embeddable":true,"href":"https:\/\/www.corumbaonline.com.br\/news\/wp-json\/wp\/v2\/tags?post=30082"}],"curies":[{"name":"wp","href":"https:\/\/api.w.org\/{rel}","templated":true}]}}