{"id":30092,"date":"2019-04-19T09:35:09","date_gmt":"2019-04-19T13:35:09","guid":{"rendered":"http:\/\/www.corumbaonline.com.br\/news\/?p=30092"},"modified":"2019-04-19T09:35:12","modified_gmt":"2019-04-19T13:35:12","slug":"implantacao-de-horta-comunitaria-no-aeroporto-e-sugerida-na-camara","status":"publish","type":"post","link":"https:\/\/www.corumbaonline.com.br\/news\/implantacao-de-horta-comunitaria-no-aeroporto-e-sugerida-na-camara\/","title":{"rendered":"Implanta\u00e7\u00e3o de horta comunit\u00e1ria no Aeroporto \u00e9 sugerida na C\u00e2mara"},"content":{"rendered":"<p><span style=\"color: #000000;\">A implanta\u00e7\u00e3o de uma horta comunit\u00e1ria foi sugerida esta semana pelo vereador Manoel Rodrigues \u00e0 Prefeitura de Corumb\u00e1, para atender a comunidade do Bairro Aeroporto, na regi\u00e3o do Conjunto Habitacional Pr\u00f3-Moradia.<\/span><\/p>\n<p><span style=\"color: #000000;\">O pedido foi feito por meio de requerimento direcionado ao prefeito Marcelo Iunes e ao secret\u00e1rio de Desenvolvimento Econ\u00f4mico e Sustent\u00e1vel, Luciano Aguilar Rodrigues Leite. O vereador indicou inclusive uma \u00e1rea pertencendo ao Munic\u00edpio para implanta\u00e7\u00e3o dessa horta com cunho social e produtivo: Rua Goi\u00e1s, entre as ruas Campo Grande e Duque de Caxias.<\/span><\/p>\n<p><span style=\"color: #000000;\">A horta comunit\u00e1ria foi tratada pelo pr\u00f3prio vereador com a comunidade do Pr\u00f3-Moradia, durante um encontro com os moradores, quando se discutiu a melhor forma de aproveitamento dessa \u00e1rea pertencente ao Munic\u00edpio.<\/span><\/p>\n<p><span style=\"color: #000000;\">Em sua justificativa, Manoel observou que j\u00e1 existem v\u00e1rios projetos id\u00eanticos em cidades brasileiras que optaram pela implanta\u00e7\u00e3o de hortas comunit\u00e1rias, dando utiliza\u00e7\u00e3o adequada a terrenos p\u00fablicos existentes em \u00e1reas urbanas, com o aproveitamento do espa\u00e7o para produ\u00e7\u00e3o de alimentos, atrav\u00e9s do trabalho volunt\u00e1rio e solid\u00e1rio da comunidade.<\/span><\/p>\n<p><span style=\"color: #000000;\">Observa que, para total sucesso, \u00e9 preciso que projeto seja monitorado por uma equipe de t\u00e9cnicos que utiliza o sistema de produ\u00e7\u00e3o agroecol\u00f3gico, e que o envolvimento da popula\u00e7\u00e3o na produ\u00e7\u00e3o da horta permite a participa\u00e7\u00e3o de toda a fam\u00edlia, gerando um v\u00ednculo mais estreito com esp\u00edrito de uni\u00e3o e trabalho.<\/span><\/p>\n<p><span style=\"color: #000000;\">Manoel observa ainda que o projeto foi pensado como instrumento de garantia da seguran\u00e7a alimentar para a comunidade local, podendo ser estendida a outras regi\u00f5es carentes, propiciando oportunidades de trabalho e gera\u00e7\u00e3o de renda, bem como fazer o aproveitamento de \u00e1reas p\u00fablicas ociosas que podem se tornar dep\u00f3sitos de entulho e de lixo, prop\u00edcios para surgimento de focos de doen\u00e7as, principalmente a dengue, Zika v\u00edrus e Chikungunya.<\/span><\/p>\n","protected":false},"excerpt":{"rendered":"<p>A implanta\u00e7\u00e3o de uma horta comunit\u00e1ria foi sugerida esta semana pelo vereador Manoel Rodrigues \u00e0&#8230;<\/p>\n","protected":false},"author":1,"featured_media":30093,"comment_status":"closed","ping_status":"closed","sticky":false,"template":"","format":"standard","meta":{"footnotes":""},"categories":[19],"tags":[],"class_list":["post-30092","post","type-post","status-publish","format-standard","has-post-thumbnail","hentry","category-politica"],"_links":{"self":[{"href":"https:\/\/www.corumbaonline.com.br\/news\/wp-json\/wp\/v2\/posts\/30092","targetHints":{"allow":["GET"]}}],"collection":[{"href":"https:\/\/www.corumbaonline.com.br\/news\/wp-json\/wp\/v2\/posts"}],"about":[{"href":"https:\/\/www.corumbaonline.com.br\/news\/wp-json\/wp\/v2\/types\/post"}],"author":[{"embeddable":true,"href":"https:\/\/www.corumbaonline.com.br\/news\/wp-json\/wp\/v2\/users\/1"}],"replies":[{"embeddable":true,"href":"https:\/\/www.corumbaonline.com.br\/news\/wp-json\/wp\/v2\/comments?post=30092"}],"version-history":[{"count":1,"href":"https:\/\/www.corumbaonline.com.br\/news\/wp-json\/wp\/v2\/posts\/30092\/revisions"}],"predecessor-version":[{"id":30094,"href":"https:\/\/www.corumbaonline.com.br\/news\/wp-json\/wp\/v2\/posts\/30092\/revisions\/30094"}],"wp:featuredmedia":[{"embeddable":true,"href":"https:\/\/www.corumbaonline.com.br\/news\/wp-json\/wp\/v2\/media\/30093"}],"wp:attachment":[{"href":"https:\/\/www.corumbaonline.com.br\/news\/wp-json\/wp\/v2\/media?parent=30092"}],"wp:term":[{"taxonomy":"category","embeddable":true,"href":"https:\/\/www.corumbaonline.com.br\/news\/wp-json\/wp\/v2\/categories?post=30092"},{"taxonomy":"post_tag","embeddable":true,"href":"https:\/\/www.corumbaonline.com.br\/news\/wp-json\/wp\/v2\/tags?post=30092"}],"curies":[{"name":"wp","href":"https:\/\/api.w.org\/{rel}","templated":true}]}}