{"id":30100,"date":"2019-04-19T10:06:45","date_gmt":"2019-04-19T14:06:45","guid":{"rendered":"http:\/\/www.corumbaonline.com.br\/news\/?p=30100"},"modified":"2019-04-19T10:43:04","modified_gmt":"2019-04-19T14:43:04","slug":"governo-faz-novas-mudancas-no-ministerio-da-educacao","status":"publish","type":"post","link":"https:\/\/www.corumbaonline.com.br\/news\/governo-faz-novas-mudancas-no-ministerio-da-educacao\/","title":{"rendered":"Governo faz novas mudan\u00e7as no Minist\u00e9rio da Educa\u00e7\u00e3o"},"content":{"rendered":"<p>O ministro da Casa Civil, Onyx Lorenzoni,\u00a0<a href=\"http:\/\/pesquisa.in.gov.br\/imprensa\/jsp\/visualiza\/index.jsp?jornal=529&amp;pagina=2&amp;data=18\/04\/2019]\" target=\"_blank\" rel=\"noopener\">exonerou ontem<\/a> (18) o diretor de Avalia\u00e7\u00e3o da Educa\u00e7\u00e3o B\u00e1sica do Instituto Nacional de Estudos e Pesquisas Educacionais An\u00edsio Teixeira (Inep), Paulo Cesar Teixeira e Ricardo Machado Vieira, que era assessor especial do ministro da Educa\u00e7\u00e3o. As demiss\u00f5es foram publicadas no Di\u00e1rio Oficial da Uni\u00e3o.<\/p>\n<p>Vieira\u00a0<a href=\"http:\/\/agenciabrasil.ebc.com.br\/educacao\/noticia\/2019-03\/mec-tem-novo-secretario-executivo-para-o-mec\" target=\"_blank\" rel=\"noopener\">foi nomeado<\/a>\u00a0secret\u00e1rio-executivo do MEC no final de mar\u00e7o, na gest\u00e3o do ent\u00e3o ministro Ricardo V\u00e9lez.\u00a0 Quando o atual ministro, Abraham Weintraub, assumiu,\u00a0<a href=\"http:\/\/agenciabrasil.ebc.com.br\/educacao\/noticia\/2019-04\/ministro-da-educacao-anuncia-novos-secretarios\" target=\"_blank\" rel=\"noopener\">anunciou que o cargo<\/a>\u00a0seria ocupado por Antonio Paulo Vogel de Medeiros.<\/p>\n<p>J\u00e1 Teixeira pediu demiss\u00e3o tamb\u00e9m no final do m\u00eas passado, quando o ent\u00e3o presidente do Inep, Marcus Vinicius Rodrigues,\u00a0<a href=\"http:\/\/agenciabrasil.ebc.com.br\/educacao\/noticia\/2019-03\/presidente-do-inep-foi-demitido-porque-puxou-o-tapete-diz-velez\" target=\"_blank\" rel=\"noopener\">foi exonerado<\/a>. A demiss\u00e3o, que foi oficializada hoje, ocorreu ap\u00f3s o an\u00fancio de que a avalia\u00e7\u00e3o da alfabetiza\u00e7\u00e3o n\u00e3o seria realizada este ano, mas apenas em 2021. Logo ap\u00f3is, o MEC revogou a medida que definia o adiamento.<\/p>\n<p>Entre outras atribui\u00e7\u00f5es, a diretoria de Avalia\u00e7\u00e3o da Educa\u00e7\u00e3o B\u00e1sica do Inep \u00e9 respons\u00e1vel pelo Exame Nacional do Ensino M\u00e9dio (Enem).<\/p>\n<p>Weintraub\u00a0<a href=\"http:\/\/agenciabrasil.ebc.com.br\/educacao\/noticia\/2019-04\/weintraub-diz-que-nao-e-radical-e-que-vai-pacificar-mec\" target=\"_blank\" rel=\"noopener\">assumiu a pasta<\/a>\u00a0no \u00faltimo dia 9. A gest\u00e3o do ex-ministro Ricardo V\u00e9lez foi marcada por pol\u00eamicas e pela troca de pelos menos 10 cargos do alto escal\u00e3o do minist\u00e9rio e \u00f3rg\u00e3os vinculados<\/p>\n<p>Na cerim\u00f4nia de posse, o presidente Jair Bolsonaro afirmou que Weintraub<a href=\"http:\/\/agenciabrasil.ebc.com.br\/politica\/noticia\/2019-04\/weintraub-tera-liberdade-para-montar-equipe-no-mec-diz-porta-voz\" target=\"_blank\" rel=\"noopener\">\u00a0ter\u00e1 liberdade para escolher<\/a>\u00a0a equipe de sua pasta.<\/p>\n","protected":false},"excerpt":{"rendered":"<p>O ministro da Casa Civil, Onyx Lorenzoni,\u00a0exonerou ontem (18) o diretor de Avalia\u00e7\u00e3o da Educa\u00e7\u00e3o&#8230;<\/p>\n","protected":false},"author":1,"featured_media":0,"comment_status":"closed","ping_status":"closed","sticky":false,"template":"","format":"standard","meta":{"footnotes":""},"categories":[19],"tags":[],"class_list":["post-30100","post","type-post","status-publish","format-standard","hentry","category-politica"],"_links":{"self":[{"href":"https:\/\/www.corumbaonline.com.br\/news\/wp-json\/wp\/v2\/posts\/30100","targetHints":{"allow":["GET"]}}],"collection":[{"href":"https:\/\/www.corumbaonline.com.br\/news\/wp-json\/wp\/v2\/posts"}],"about":[{"href":"https:\/\/www.corumbaonline.com.br\/news\/wp-json\/wp\/v2\/types\/post"}],"author":[{"embeddable":true,"href":"https:\/\/www.corumbaonline.com.br\/news\/wp-json\/wp\/v2\/users\/1"}],"replies":[{"embeddable":true,"href":"https:\/\/www.corumbaonline.com.br\/news\/wp-json\/wp\/v2\/comments?post=30100"}],"version-history":[{"count":1,"href":"https:\/\/www.corumbaonline.com.br\/news\/wp-json\/wp\/v2\/posts\/30100\/revisions"}],"predecessor-version":[{"id":30101,"href":"https:\/\/www.corumbaonline.com.br\/news\/wp-json\/wp\/v2\/posts\/30100\/revisions\/30101"}],"wp:attachment":[{"href":"https:\/\/www.corumbaonline.com.br\/news\/wp-json\/wp\/v2\/media?parent=30100"}],"wp:term":[{"taxonomy":"category","embeddable":true,"href":"https:\/\/www.corumbaonline.com.br\/news\/wp-json\/wp\/v2\/categories?post=30100"},{"taxonomy":"post_tag","embeddable":true,"href":"https:\/\/www.corumbaonline.com.br\/news\/wp-json\/wp\/v2\/tags?post=30100"}],"curies":[{"name":"wp","href":"https:\/\/api.w.org\/{rel}","templated":true}]}}