{"id":3012,"date":"2017-04-11T16:31:02","date_gmt":"2017-04-11T20:31:02","guid":{"rendered":"http:\/\/www.corumbaonline.com.br\/news\/?p=3012"},"modified":"2017-04-11T16:13:12","modified_gmt":"2017-04-11T20:13:12","slug":"3012","status":"publish","type":"post","link":"https:\/\/www.corumbaonline.com.br\/news\/3012\/","title":{"rendered":"Enem ter\u00e1 prova personalizada para seguran\u00e7a do candidato"},"content":{"rendered":"<p>A edi\u00e7\u00e3o de 2017 do Exame Nacional do Ensino M\u00e9dio (Enem) ter\u00e1 algumas novidades que proporcionar\u00e3o mais seguran\u00e7a aos candidatos. Uma das mudan\u00e7as \u00e9 a personaliza\u00e7\u00e3o dos cadernos de quest\u00f5es. O estudante que fizer a prova neste ano vai receber o material com o nome e o n\u00famero de inscri\u00e7\u00e3o j\u00e1 impressos.<\/p>\n<p>Al\u00e9m disso, os cart\u00f5es de respostas vir\u00e3o encartados na avalia\u00e7\u00e3o e com a identifica\u00e7\u00e3o do candidato. Essas altera\u00e7\u00f5es est\u00e3o no edital n\u00ba 13, publicado no Di\u00e1rio Oficial da Uni\u00e3o (DOU) desta segunda-feira (10).<\/p>\n<p>De acordo com o ministro da Educa\u00e7\u00e3o, Mendon\u00e7a Filho, essa medida de identifica\u00e7\u00e3o das provas vai contribuir para inibir poss\u00edveis fraudes no exame. \u201cTemos um instrumento a mais para identificar a prova feita pelo candidato e, evidentemente, at\u00e9 permitir a rastreabilidade\u201d, enfatiza. De acordo com ele, ser\u00e1 poss\u00edvel saber at\u00e9 \u201cse por ventura, uma prova foi subtra\u00edda ou canalizada para uso indevido\u201d.<\/p>\n<p>A presidente do Instituto Nacional de Estudos e Pesquisas Educacionais An\u00edsio Teixeira (Inep), Maria In\u00eas Fini, ressalta que, al\u00e9m de aumentar a seguran\u00e7a para o candidato, a medida facilita a transcri\u00e7\u00e3o das respostas.<\/p>\n<p>\u201cA personaliza\u00e7\u00e3o aumenta a seguran\u00e7a para o candidato e facilita um pouco, porque antes ele tinha de transcrever, na folha de resposta, a cor da prova que estava fazendo. Agora, as duas estar\u00e3o identificadas com nome e n\u00famero de inscri\u00e7\u00e3o, e a folha de resposta j\u00e1 vir\u00e1 encartada no caderno de quest\u00f5es\u201d, explica.<\/p>\n<p>O Inep informou que as provas continuar\u00e3o a ser aplicadas em quatro cadernos diferentes e identificados por cores. Al\u00e9m disso, as altera\u00e7\u00f5es nos cadernos de quest\u00f5es e de respostas n\u00e3o trar\u00e3o nenhum gasto extra ao governo.<\/p>\n<p><strong>Inscri\u00e7\u00f5es<\/strong><\/p>\n<p>As inscri\u00e7\u00f5es come\u00e7am \u00e0s 10h do pr\u00f3ximo dia 8 de maio e v\u00e3o at\u00e9 as 23h59 de 19 do mesmo m\u00eas. O pagamento deve ser efetuado at\u00e9 25 de maio. As primeiras provas ser\u00e3o no dia 5 de novembro, com dura\u00e7\u00e3o de cinco horas e meia \u2013 para linguagens, c\u00f3digos e suas tecnologias, reda\u00e7\u00e3o e ci\u00eancias humanas e suas tecnologias.<\/p>\n<p>No dia 12, o segundo domingo da prova, o aluno ter\u00e1 quatro horas e meia para responder \u00e0s quest\u00f5es de ci\u00eancias da natureza e suas tecnologias e matem\u00e1tica e suas tecnologias. Um edital espec\u00edfico ser\u00e1 publicado para pessoas privadas de liberdade, que prestar\u00e3o o Enem nos dias 12 e 13 de dezembro.<\/p>\n<p>Aqueles que precisarem da declara\u00e7\u00e3o de comparecimento para o trabalho n\u00e3o mais poder\u00e3o adquirir o documento no local da prova. O interessado deve imprimir a solicita\u00e7\u00e3o antes, pela p\u00e1gina do Inep, e lev\u00e1-la preenchida para a assinatura do coordenador da prova.<\/p>\n","protected":false},"excerpt":{"rendered":"<p>A edi\u00e7\u00e3o de 2017 do Exame Nacional do Ensino M\u00e9dio (Enem) ter\u00e1 algumas novidades que&#8230;<\/p>\n","protected":false},"author":1,"featured_media":0,"comment_status":"closed","ping_status":"closed","sticky":false,"template":"","format":"standard","meta":{"footnotes":""},"categories":[10],"tags":[],"class_list":["post-3012","post","type-post","status-publish","format-standard","hentry","category-educacao"],"_links":{"self":[{"href":"https:\/\/www.corumbaonline.com.br\/news\/wp-json\/wp\/v2\/posts\/3012","targetHints":{"allow":["GET"]}}],"collection":[{"href":"https:\/\/www.corumbaonline.com.br\/news\/wp-json\/wp\/v2\/posts"}],"about":[{"href":"https:\/\/www.corumbaonline.com.br\/news\/wp-json\/wp\/v2\/types\/post"}],"author":[{"embeddable":true,"href":"https:\/\/www.corumbaonline.com.br\/news\/wp-json\/wp\/v2\/users\/1"}],"replies":[{"embeddable":true,"href":"https:\/\/www.corumbaonline.com.br\/news\/wp-json\/wp\/v2\/comments?post=3012"}],"version-history":[{"count":2,"href":"https:\/\/www.corumbaonline.com.br\/news\/wp-json\/wp\/v2\/posts\/3012\/revisions"}],"predecessor-version":[{"id":3014,"href":"https:\/\/www.corumbaonline.com.br\/news\/wp-json\/wp\/v2\/posts\/3012\/revisions\/3014"}],"wp:attachment":[{"href":"https:\/\/www.corumbaonline.com.br\/news\/wp-json\/wp\/v2\/media?parent=3012"}],"wp:term":[{"taxonomy":"category","embeddable":true,"href":"https:\/\/www.corumbaonline.com.br\/news\/wp-json\/wp\/v2\/categories?post=3012"},{"taxonomy":"post_tag","embeddable":true,"href":"https:\/\/www.corumbaonline.com.br\/news\/wp-json\/wp\/v2\/tags?post=3012"}],"curies":[{"name":"wp","href":"https:\/\/api.w.org\/{rel}","templated":true}]}}